{"id":6939,"date":"2026-04-26T15:59:41","date_gmt":"2026-04-26T13:59:41","guid":{"rendered":"https:\/\/lyceeprofessionnelsimonlazard.fr\/?p=6939"},"modified":"2026-04-26T16:24:02","modified_gmt":"2026-04-26T14:24:02","slug":"prix-du-travail-manuel-2026","status":"publish","type":"post","link":"https:\/\/lyceeprofessionnelsimonlazard.fr\/index.php\/2026\/04\/26\/prix-du-travail-manuel-2026\/","title":{"rendered":"PRIX DU TRAVAIL MANUEL 2026"},"content":{"rendered":"\t\t<div data-elementor-type=\"wp-post\" data-elementor-id=\"6939\" class=\"elementor elementor-6939\" data-elementor-post-type=\"post\">\n\t\t\t\t<div class=\"elementor-element elementor-element-ae37604 e-flex e-con-boxed e-con e-parent\" data-id=\"ae37604\" data-element_type=\"container\" data-e-type=\"container\">\n\t\t\t\t\t<div class=\"e-con-inner\">\n\t\t\t\t<div class=\"elementor-element elementor-element-26a9c92 elementor-widget elementor-widget-heading\" data-id=\"26a9c92\" data-element_type=\"widget\" data-e-type=\"widget\" data-widget_type=\"heading.default\">\n\t\t\t\t<div class=\"elementor-widget-container\">\n\t\t\t\t\t<h2 class=\"elementor-heading-title elementor-size-default\">Le ROTARY de Sarreguemines met \u00e0 l'honneur nos \u00e9l\u00e8ves<\/h2>\t\t\t\t<\/div>\n\t\t\t\t<\/div>\n\t\t\t\t\t<\/div>\n\t\t\t\t<\/div>\n\t\t<div class=\"elementor-element elementor-element-78109ae e-con-full e-flex e-con e-parent\" data-id=\"78109ae\" data-element_type=\"container\" data-e-type=\"container\">\n\t\t\t\t<div class=\"elementor-element elementor-element-3877373 elementor-widget elementor-widget-text-editor\" data-id=\"3877373\" data-element_type=\"widget\" data-e-type=\"widget\" data-widget_type=\"text-editor.default\">\n\t\t\t\t<div class=\"elementor-widget-container\">\n\t\t\t\t\t\t\t\t\t<p>Le vendredi 20 mars 2026, la section h\u00f4teli\u00e8re a eu le plaisir d\u2019accueillir les membres du Rotary Club. Fid\u00e8le \u00e0 son engagement en faveur des m\u00e9tiers manuels, le Rotary met chaque ann\u00e9e une profession \u00e0 l\u2019honneur \u00e0 travers un concours d\u00e9di\u00e9.<\/p><p>Cette \u00e9dition a brillamment mis en lumi\u00e8re le Certificat de sp\u00e9cialisation P\u00e2tisserie de boutique. Onze candidats passionn\u00e9s ont relev\u00e9 le d\u00e9fi d\u2019une \u00e9preuve exigeante, m\u00ealant technicit\u00e9 et imagination, autour d\u2019un panier surprise et d\u2019un th\u00e8me inspirant : <em>\u00ab\u00a0l\u2019agrume<\/em> <em>en majest\u00e9\u00a0\u00bb<\/em>. Des cr\u00e9ations pr\u00e9par\u00e9es avec soin d\u00e8s la veille de l\u2019\u00e9v\u00e9nement.<\/p><p>Apr\u00e8s une premi\u00e8re s\u00e9lection bas\u00e9e sur l\u2019esth\u00e9tique des r\u00e9alisations, trois finalistes ont \u00e9t\u00e9 retenus. Le classement final, d\u00e9termin\u00e9 \u00e0 l\u2019issue d\u2019une d\u00e9gustation, a permis de r\u00e9compenser les talents avec des prix de 150 \u20ac, 100 \u20ac et 50 \u20ac.<\/p><p>Le jury a salu\u00e9 l\u2019excellence des productions, tant pour leur finesse visuelle que pour leurs qualit\u00e9s gustatives. Une v\u00e9ritable r\u00e9ussite, port\u00e9e par l\u2019engagement, le professionnalisme et la cr\u00e9ativit\u00e9 de l\u2019ensemble des participants.<\/p>\t\t\t\t\t\t\t\t<\/div>\n\t\t\t\t<\/div>\n\t\t\t\t<\/div>\n\t\t<div class=\"elementor-element elementor-element-c7dd52c e-flex e-con-boxed e-con e-parent\" data-id=\"c7dd52c\" data-element_type=\"container\" data-e-type=\"container\">\n\t\t\t\t\t<div class=\"e-con-inner\">\n\t\t\t\t<div class=\"elementor-element elementor-element-c390bd8 elementor-widget__width-initial elementor-widget elementor-widget-video\" data-id=\"c390bd8\" data-element_type=\"widget\" data-e-type=\"widget\" data-settings=\"{&quot;youtube_url&quot;:&quot;https:\\\/\\\/youtu.be\\\/ECRhpSoGYhs&quot;,&quot;video_type&quot;:&quot;youtube&quot;,&quot;controls&quot;:&quot;yes&quot;}\" data-widget_type=\"video.default\">\n\t\t\t\t<div class=\"elementor-widget-container\">\n\t\t\t\t\t\t\t<div class=\"elementor-wrapper elementor-open-inline\">\n\t\t\t<div class=\"elementor-video\"><\/div>\t\t<\/div>\n\t\t\t\t\t\t<\/div>\n\t\t\t\t<\/div>\n\t\t\t\t\t<\/div>\n\t\t\t\t<\/div>\n\t\t<div class=\"elementor-element elementor-element-eac900c e-flex e-con-boxed e-con e-parent\" data-id=\"eac900c\" data-element_type=\"container\" data-e-type=\"container\">\n\t\t\t\t\t<div class=\"e-con-inner\">\n\t\t\t\t<div class=\"elementor-element elementor-element-d00f94e gallery-spacing-custom elementor-widget elementor-widget-image-gallery\" data-id=\"d00f94e\" data-element_type=\"widget\" data-e-type=\"widget\" data-widget_type=\"image-gallery.default\">\n\t\t\t\t<div class=\"elementor-widget-container\">\n\t\t\t\t\t\t\t<div class=\"elementor-image-gallery\">\n\t\t\t<div id='gallery-1' class='gallery galleryid-6939 gallery-columns-5 gallery-size-medium'><figure class='gallery-item'>\n\t\t\t<div class='gallery-icon portrait'>\n\t\t\t\t<a data-elementor-open-lightbox=\"yes\" data-elementor-lightbox-slideshow=\"d00f94e\" data-elementor-lightbox-title=\"IMG-20260324-WA0002\" data-e-action-hash=\"#elementor-action%3Aaction%3Dlightbox%26settings%3DeyJpZCI6Njk0MywidXJsIjoiaHR0cHM6XC9cL2x5Y2VlcHJvZmVzc2lvbm5lbHNpbW9ubGF6YXJkLmZyXC93cC1jb250ZW50XC91cGxvYWRzXC8yMDI2XC8wNFwvSU1HLTIwMjYwMzI0LVdBMDAwMi5qcGciLCJzbGlkZXNob3ciOiJkMDBmOTRlIn0%3D\" href='https:\/\/lyceeprofessionnelsimonlazard.fr\/wp-content\/uploads\/2026\/04\/IMG-20260324-WA0002.jpg'><img fetchpriority=\"high\" width=\"225\" height=\"300\" src=\"https:\/\/lyceeprofessionnelsimonlazard.fr\/wp-content\/uploads\/2026\/04\/IMG-20260324-WA0002-225x300.jpg\" class=\"attachment-medium size-medium\" alt=\"\" decoding=\"async\" srcset=\"https:\/\/lyceeprofessionnelsimonlazard.fr\/wp-content\/uploads\/2026\/04\/IMG-20260324-WA0002-225x300.jpg 225w, https:\/\/lyceeprofessionnelsimonlazard.fr\/wp-content\/uploads\/2026\/04\/IMG-20260324-WA0002.jpg 600w\" sizes=\"(max-width: 225px) 100vw, 225px\" \/><\/a>\n\t\t\t<\/div><\/figure><figure class='gallery-item'>\n\t\t\t<div class='gallery-icon landscape'>\n\t\t\t\t<a data-elementor-open-lightbox=\"yes\" data-elementor-lightbox-slideshow=\"d00f94e\" data-elementor-lightbox-title=\"IMG-20260324-WA0003\" data-e-action-hash=\"#elementor-action%3Aaction%3Dlightbox%26settings%3DeyJpZCI6Njk0NCwidXJsIjoiaHR0cHM6XC9cL2x5Y2VlcHJvZmVzc2lvbm5lbHNpbW9ubGF6YXJkLmZyXC93cC1jb250ZW50XC91cGxvYWRzXC8yMDI2XC8wNFwvSU1HLTIwMjYwMzI0LVdBMDAwMy5qcGciLCJzbGlkZXNob3ciOiJkMDBmOTRlIn0%3D\" href='https:\/\/lyceeprofessionnelsimonlazard.fr\/wp-content\/uploads\/2026\/04\/IMG-20260324-WA0003.jpg'><img width=\"300\" height=\"225\" src=\"https:\/\/lyceeprofessionnelsimonlazard.fr\/wp-content\/uploads\/2026\/04\/IMG-20260324-WA0003-300x225.jpg\" class=\"attachment-medium size-medium\" alt=\"\" decoding=\"async\" srcset=\"https:\/\/lyceeprofessionnelsimonlazard.fr\/wp-content\/uploads\/2026\/04\/IMG-20260324-WA0003-300x225.jpg 300w, https:\/\/lyceeprofessionnelsimonlazard.fr\/wp-content\/uploads\/2026\/04\/IMG-20260324-WA0003-768x576.jpg 768w, https:\/\/lyceeprofessionnelsimonlazard.fr\/wp-content\/uploads\/2026\/04\/IMG-20260324-WA0003.jpg 800w\" sizes=\"(max-width: 300px) 100vw, 300px\" \/><\/a>\n\t\t\t<\/div><\/figure><figure class='gallery-item'>\n\t\t\t<div class='gallery-icon portrait'>\n\t\t\t\t<a data-elementor-open-lightbox=\"yes\" data-elementor-lightbox-slideshow=\"d00f94e\" data-elementor-lightbox-title=\"IMG-20260324-WA0004\" data-e-action-hash=\"#elementor-action%3Aaction%3Dlightbox%26settings%3DeyJpZCI6Njk0NSwidXJsIjoiaHR0cHM6XC9cL2x5Y2VlcHJvZmVzc2lvbm5lbHNpbW9ubGF6YXJkLmZyXC93cC1jb250ZW50XC91cGxvYWRzXC8yMDI2XC8wNFwvSU1HLTIwMjYwMzI0LVdBMDAwNC5qcGciLCJzbGlkZXNob3ciOiJkMDBmOTRlIn0%3D\" href='https:\/\/lyceeprofessionnelsimonlazard.fr\/wp-content\/uploads\/2026\/04\/IMG-20260324-WA0004.jpg'><img width=\"225\" height=\"300\" src=\"https:\/\/lyceeprofessionnelsimonlazard.fr\/wp-content\/uploads\/2026\/04\/IMG-20260324-WA0004-225x300.jpg\" class=\"attachment-medium size-medium\" alt=\"\" decoding=\"async\" srcset=\"https:\/\/lyceeprofessionnelsimonlazard.fr\/wp-content\/uploads\/2026\/04\/IMG-20260324-WA0004-225x300.jpg 225w, https:\/\/lyceeprofessionnelsimonlazard.fr\/wp-content\/uploads\/2026\/04\/IMG-20260324-WA0004.jpg 600w\" sizes=\"(max-width: 225px) 100vw, 225px\" \/><\/a>\n\t\t\t<\/div><\/figure><figure class='gallery-item'>\n\t\t\t<div class='gallery-icon portrait'>\n\t\t\t\t<a data-elementor-open-lightbox=\"yes\" data-elementor-lightbox-slideshow=\"d00f94e\" data-elementor-lightbox-title=\"IMG-20260324-WA0005\" data-e-action-hash=\"#elementor-action%3Aaction%3Dlightbox%26settings%3DeyJpZCI6Njk0NiwidXJsIjoiaHR0cHM6XC9cL2x5Y2VlcHJvZmVzc2lvbm5lbHNpbW9ubGF6YXJkLmZyXC93cC1jb250ZW50XC91cGxvYWRzXC8yMDI2XC8wNFwvSU1HLTIwMjYwMzI0LVdBMDAwNS5qcGciLCJzbGlkZXNob3ciOiJkMDBmOTRlIn0%3D\" href='https:\/\/lyceeprofessionnelsimonlazard.fr\/wp-content\/uploads\/2026\/04\/IMG-20260324-WA0005.jpg'><img loading=\"lazy\" width=\"225\" height=\"300\" src=\"https:\/\/lyceeprofessionnelsimonlazard.fr\/wp-content\/uploads\/2026\/04\/IMG-20260324-WA0005-225x300.jpg\" class=\"attachment-medium size-medium\" alt=\"\" decoding=\"async\" srcset=\"https:\/\/lyceeprofessionnelsimonlazard.fr\/wp-content\/uploads\/2026\/04\/IMG-20260324-WA0005-225x300.jpg 225w, https:\/\/lyceeprofessionnelsimonlazard.fr\/wp-content\/uploads\/2026\/04\/IMG-20260324-WA0005.jpg 600w\" sizes=\"(max-width: 225px) 100vw, 225px\" \/><\/a>\n\t\t\t<\/div><\/figure><figure class='gallery-item'>\n\t\t\t<div class='gallery-icon portrait'>\n\t\t\t\t<a data-elementor-open-lightbox=\"yes\" data-elementor-lightbox-slideshow=\"d00f94e\" data-elementor-lightbox-title=\"IMG-20260324-WA0006\" data-e-action-hash=\"#elementor-action%3Aaction%3Dlightbox%26settings%3DeyJpZCI6Njk0NywidXJsIjoiaHR0cHM6XC9cL2x5Y2VlcHJvZmVzc2lvbm5lbHNpbW9ubGF6YXJkLmZyXC93cC1jb250ZW50XC91cGxvYWRzXC8yMDI2XC8wNFwvSU1HLTIwMjYwMzI0LVdBMDAwNi5qcGciLCJzbGlkZXNob3ciOiJkMDBmOTRlIn0%3D\" href='https:\/\/lyceeprofessionnelsimonlazard.fr\/wp-content\/uploads\/2026\/04\/IMG-20260324-WA0006.jpg'><img loading=\"lazy\" width=\"225\" height=\"300\" src=\"https:\/\/lyceeprofessionnelsimonlazard.fr\/wp-content\/uploads\/2026\/04\/IMG-20260324-WA0006-225x300.jpg\" class=\"attachment-medium size-medium\" alt=\"\" decoding=\"async\" srcset=\"https:\/\/lyceeprofessionnelsimonlazard.fr\/wp-content\/uploads\/2026\/04\/IMG-20260324-WA0006-225x300.jpg 225w, https:\/\/lyceeprofessionnelsimonlazard.fr\/wp-content\/uploads\/2026\/04\/IMG-20260324-WA0006.jpg 600w\" sizes=\"(max-width: 225px) 100vw, 225px\" \/><\/a>\n\t\t\t<\/div><\/figure>\n\t\t<\/div>\n\t\t<\/div>\n\t\t\t\t\t\t<\/div>\n\t\t\t\t<\/div>\n\t\t\t\t\t<\/div>\n\t\t\t\t<\/div>\n\t\t<div class=\"elementor-element elementor-element-ff44b14 e-flex e-con-boxed e-con e-parent\" data-id=\"ff44b14\" data-element_type=\"container\" data-e-type=\"container\">\n\t\t\t\t\t<div class=\"e-con-inner\">\n\t\t\t\t\t<\/div>\n\t\t\t\t<\/div>\n\t\t<div class=\"elementor-element elementor-element-af0cbbb e-flex e-con-boxed e-con e-parent\" data-id=\"af0cbbb\" data-element_type=\"container\" data-e-type=\"container\">\n\t\t\t\t\t<div class=\"e-con-inner\">\n\t\t<div class=\"elementor-element elementor-element-2537577 e-con-full e-flex e-con e-child\" data-id=\"2537577\" data-element_type=\"container\" data-e-type=\"container\">\n\t\t\t\t<div class=\"elementor-element elementor-element-f39022e elementor-widget elementor-widget-image\" data-id=\"f39022e\" data-element_type=\"widget\" data-e-type=\"widget\" data-widget_type=\"image.default\">\n\t\t\t\t<div class=\"elementor-widget-container\">\n\t\t\t\t\t\t\t\t\t\t\t\t\t\t\t<img decoding=\"async\" src=\"https:\/\/lyceeprofessionnelsimonlazard.fr\/wp-content\/uploads\/elementor\/thumbs\/Capture-decran-2026-03-29-223533-rl8ksl83gnfyod6ouowsc0nwd2q2i3z1oycoxiqlew.jpg\" title=\"Capture d\u2019\u00e9cran 2026-03-29 223533\" alt=\"Capture d\u2019\u00e9cran 2026-03-29 223533\" loading=\"lazy\" \/>\t\t\t\t\t\t\t\t\t\t\t\t\t\t\t<\/div>\n\t\t\t\t<\/div>\n\t\t\t\t<\/div>\n\t\t\t\t\t<\/div>\n\t\t\t\t<\/div>\n\t\t<div class=\"elementor-element elementor-element-427f85d e-flex e-con-boxed e-con e-parent\" data-id=\"427f85d\" data-element_type=\"container\" data-e-type=\"container\">\n\t\t\t\t\t<div class=\"e-con-inner\">\n\t\t\t\t<div class=\"elementor-element elementor-element-d0c03ad elementor-widget elementor-widget-video\" data-id=\"d0c03ad\" data-element_type=\"widget\" data-e-type=\"widget\" data-settings=\"{&quot;youtube_url&quot;:&quot;https:\\\/\\\/www.youtube.com\\\/watch?v=M3SJYSda1vM&quot;,&quot;video_type&quot;:&quot;youtube&quot;,&quot;controls&quot;:&quot;yes&quot;}\" data-widget_type=\"video.default\">\n\t\t\t\t<div class=\"elementor-widget-container\">\n\t\t\t\t\t\t\t<div class=\"elementor-wrapper elementor-open-inline\">\n\t\t\t<div class=\"elementor-video\"><\/div>\t\t<\/div>\n\t\t\t\t\t\t<\/div>\n\t\t\t\t<\/div>\n\t\t\t\t\t<\/div>\n\t\t\t\t<\/div>\n\t\t<div class=\"elementor-element elementor-element-69801f8 e-flex e-con-boxed e-con e-parent\" data-id=\"69801f8\" data-element_type=\"container\" data-e-type=\"container\">\n\t\t\t\t\t<div class=\"e-con-inner\">\n\t\t\t\t\t<\/div>\n\t\t\t\t<\/div>\n\t\t\t\t<\/div>\n\t\t","protected":false},"excerpt":{"rendered":"<p>Le ROTARY de Sarreguemines met \u00e0 l&rsquo;honneur nos \u00e9l\u00e8ves Le vendredi 20 mars 2026, la section h\u00f4teli\u00e8re a eu le plaisir d\u2019accueillir les membres du Rotary Club. Fid\u00e8le \u00e0 son engagement en faveur des m\u00e9tiers manuels, le Rotary met chaque ann\u00e9e une profession \u00e0 l\u2019honneur \u00e0 travers un concours d\u00e9di\u00e9. Cette \u00e9dition a brillamment mis [&hellip;]<\/p>\n","protected":false},"author":1,"featured_media":6940,"comment_status":"open","ping_status":"open","sticky":false,"template":"","format":"standard","meta":{"footnotes":""},"categories":[1],"tags":[],"class_list":["post-6939","post","type-post","status-publish","format-standard","has-post-thumbnail","hentry","category-non-classe"],"yoast_head":"<!-- This site is optimized with the Yoast SEO plugin v27.2 - https:\/\/yoast.com\/product\/yoast-seo-wordpress\/ -->\n<title>PRIX DU TRAVAIL MANUEL 2026 - LYCEE SIMON LAZARD<\/title>\n<meta name=\"robots\" content=\"index, follow, max-snippet:-1, max-image-preview:large, max-video-preview:-1\" \/>\n<link rel=\"canonical\" href=\"https:\/\/lyceeprofessionnelsimonlazard.fr\/index.php\/2026\/04\/26\/prix-du-travail-manuel-2026\/\" \/>\n<meta property=\"og:locale\" content=\"fr_FR\" \/>\n<meta property=\"og:type\" content=\"article\" \/>\n<meta property=\"og:title\" content=\"PRIX DU TRAVAIL MANUEL 2026 - LYCEE SIMON LAZARD\" \/>\n<meta property=\"og:description\" content=\"Le ROTARY de Sarreguemines met \u00e0 l&rsquo;honneur nos \u00e9l\u00e8ves Le vendredi 20 mars 2026, la section h\u00f4teli\u00e8re a eu le plaisir d\u2019accueillir les membres du Rotary Club. Fid\u00e8le \u00e0 son engagement en faveur des m\u00e9tiers manuels, le Rotary met chaque ann\u00e9e une profession \u00e0 l\u2019honneur \u00e0 travers un concours d\u00e9di\u00e9. Cette \u00e9dition a brillamment mis [&hellip;]\" \/>\n<meta property=\"og:url\" content=\"https:\/\/lyceeprofessionnelsimonlazard.fr\/index.php\/2026\/04\/26\/prix-du-travail-manuel-2026\/\" \/>\n<meta property=\"og:site_name\" content=\"LYCEE SIMON LAZARD\" \/>\n<meta property=\"article:publisher\" content=\"https:\/\/www.facebook.com\/profile.php?id=61551412921207\" \/>\n<meta property=\"article:published_time\" content=\"2026-04-26T13:59:41+00:00\" \/>\n<meta property=\"article:modified_time\" content=\"2026-04-26T14:24:02+00:00\" \/>\n<meta property=\"og:image\" content=\"https:\/\/lyceeprofessionnelsimonlazard.fr\/wp-content\/uploads\/2026\/04\/prix-trav-manuel.jpg\" \/>\n\t<meta property=\"og:image:width\" content=\"1253\" \/>\n\t<meta property=\"og:image:height\" content=\"696\" \/>\n\t<meta property=\"og:image:type\" content=\"image\/jpeg\" \/>\n<meta name=\"author\" content=\"admin7977\" \/>\n<meta name=\"twitter:card\" content=\"summary_large_image\" \/>\n<meta name=\"twitter:label1\" content=\"\u00c9crit par\" \/>\n\t<meta name=\"twitter:data1\" content=\"admin7977\" \/>\n\t<meta name=\"twitter:label2\" content=\"Dur\u00e9e de lecture estim\u00e9e\" \/>\n\t<meta name=\"twitter:data2\" content=\"3 minutes\" \/>\n<script type=\"application\/ld+json\" class=\"yoast-schema-graph\">{\"@context\":\"https:\/\/schema.org\",\"@graph\":[{\"@type\":\"Article\",\"@id\":\"https:\/\/lyceeprofessionnelsimonlazard.fr\/index.php\/2026\/04\/26\/prix-du-travail-manuel-2026\/#article\",\"isPartOf\":{\"@id\":\"https:\/\/lyceeprofessionnelsimonlazard.fr\/index.php\/2026\/04\/26\/prix-du-travail-manuel-2026\/\"},\"author\":{\"name\":\"admin7977\",\"@id\":\"https:\/\/lyceeprofessionnelsimonlazard.fr\/#\/schema\/person\/1e2e7f9d09d5923bfe311374d167bafb\"},\"headline\":\"PRIX DU TRAVAIL MANUEL 2026\",\"datePublished\":\"2026-04-26T13:59:41+00:00\",\"dateModified\":\"2026-04-26T14:24:02+00:00\",\"mainEntityOfPage\":{\"@id\":\"https:\/\/lyceeprofessionnelsimonlazard.fr\/index.php\/2026\/04\/26\/prix-du-travail-manuel-2026\/\"},\"wordCount\":220,\"commentCount\":0,\"publisher\":{\"@id\":\"https:\/\/lyceeprofessionnelsimonlazard.fr\/#organization\"},\"image\":{\"@id\":\"https:\/\/lyceeprofessionnelsimonlazard.fr\/index.php\/2026\/04\/26\/prix-du-travail-manuel-2026\/#primaryimage\"},\"thumbnailUrl\":\"https:\/\/lyceeprofessionnelsimonlazard.fr\/wp-content\/uploads\/2026\/04\/prix-trav-manuel.jpg\",\"inLanguage\":\"fr-FR\",\"potentialAction\":[{\"@type\":\"CommentAction\",\"name\":\"Comment\",\"target\":[\"https:\/\/lyceeprofessionnelsimonlazard.fr\/index.php\/2026\/04\/26\/prix-du-travail-manuel-2026\/#respond\"]}]},{\"@type\":\"WebPage\",\"@id\":\"https:\/\/lyceeprofessionnelsimonlazard.fr\/index.php\/2026\/04\/26\/prix-du-travail-manuel-2026\/\",\"url\":\"https:\/\/lyceeprofessionnelsimonlazard.fr\/index.php\/2026\/04\/26\/prix-du-travail-manuel-2026\/\",\"name\":\"PRIX DU TRAVAIL MANUEL 2026 - LYCEE SIMON LAZARD\",\"isPartOf\":{\"@id\":\"https:\/\/lyceeprofessionnelsimonlazard.fr\/#website\"},\"primaryImageOfPage\":{\"@id\":\"https:\/\/lyceeprofessionnelsimonlazard.fr\/index.php\/2026\/04\/26\/prix-du-travail-manuel-2026\/#primaryimage\"},\"image\":{\"@id\":\"https:\/\/lyceeprofessionnelsimonlazard.fr\/index.php\/2026\/04\/26\/prix-du-travail-manuel-2026\/#primaryimage\"},\"thumbnailUrl\":\"https:\/\/lyceeprofessionnelsimonlazard.fr\/wp-content\/uploads\/2026\/04\/prix-trav-manuel.jpg\",\"datePublished\":\"2026-04-26T13:59:41+00:00\",\"dateModified\":\"2026-04-26T14:24:02+00:00\",\"breadcrumb\":{\"@id\":\"https:\/\/lyceeprofessionnelsimonlazard.fr\/index.php\/2026\/04\/26\/prix-du-travail-manuel-2026\/#breadcrumb\"},\"inLanguage\":\"fr-FR\",\"potentialAction\":[{\"@type\":\"ReadAction\",\"target\":[\"https:\/\/lyceeprofessionnelsimonlazard.fr\/index.php\/2026\/04\/26\/prix-du-travail-manuel-2026\/\"]}]},{\"@type\":\"ImageObject\",\"inLanguage\":\"fr-FR\",\"@id\":\"https:\/\/lyceeprofessionnelsimonlazard.fr\/index.php\/2026\/04\/26\/prix-du-travail-manuel-2026\/#primaryimage\",\"url\":\"https:\/\/lyceeprofessionnelsimonlazard.fr\/wp-content\/uploads\/2026\/04\/prix-trav-manuel.jpg\",\"contentUrl\":\"https:\/\/lyceeprofessionnelsimonlazard.fr\/wp-content\/uploads\/2026\/04\/prix-trav-manuel.jpg\",\"width\":1253,\"height\":696},{\"@type\":\"BreadcrumbList\",\"@id\":\"https:\/\/lyceeprofessionnelsimonlazard.fr\/index.php\/2026\/04\/26\/prix-du-travail-manuel-2026\/#breadcrumb\",\"itemListElement\":[{\"@type\":\"ListItem\",\"position\":1,\"name\":\"Accueil\",\"item\":\"https:\/\/lyceeprofessionnelsimonlazard.fr\/\"},{\"@type\":\"ListItem\",\"position\":2,\"name\":\"PRIX DU TRAVAIL MANUEL 2026\"}]},{\"@type\":\"WebSite\",\"@id\":\"https:\/\/lyceeprofessionnelsimonlazard.fr\/#website\",\"url\":\"https:\/\/lyceeprofessionnelsimonlazard.fr\/\",\"name\":\"LYCEE SIMON LAZARD\",\"description\":\"De la r\u00e9ussite scolaire \u00e0 la r\u00e9ussite professionnelle\",\"publisher\":{\"@id\":\"https:\/\/lyceeprofessionnelsimonlazard.fr\/#organization\"},\"alternateName\":\"SIMON LAZARD\",\"potentialAction\":[{\"@type\":\"SearchAction\",\"target\":{\"@type\":\"EntryPoint\",\"urlTemplate\":\"https:\/\/lyceeprofessionnelsimonlazard.fr\/?s={search_term_string}\"},\"query-input\":{\"@type\":\"PropertyValueSpecification\",\"valueRequired\":true,\"valueName\":\"search_term_string\"}}],\"inLanguage\":\"fr-FR\"},{\"@type\":\"Organization\",\"@id\":\"https:\/\/lyceeprofessionnelsimonlazard.fr\/#organization\",\"name\":\"LYCEE SIMON LAZARD\",\"url\":\"https:\/\/lyceeprofessionnelsimonlazard.fr\/\",\"logo\":{\"@type\":\"ImageObject\",\"inLanguage\":\"fr-FR\",\"@id\":\"https:\/\/lyceeprofessionnelsimonlazard.fr\/#\/schema\/logo\/image\/\",\"url\":\"https:\/\/lyceeprofessionnelsimonlazard.fr\/wp-content\/uploads\/2023\/12\/logo-lazard.jpg\",\"contentUrl\":\"https:\/\/lyceeprofessionnelsimonlazard.fr\/wp-content\/uploads\/2023\/12\/logo-lazard.jpg\",\"width\":1304,\"height\":951,\"caption\":\"LYCEE SIMON LAZARD\"},\"image\":{\"@id\":\"https:\/\/lyceeprofessionnelsimonlazard.fr\/#\/schema\/logo\/image\/\"},\"sameAs\":[\"https:\/\/www.facebook.com\/profile.php?id=61551412921207\",\"https:\/\/www.instagram.com\/lpsimonlazard\/\"]},{\"@type\":\"Person\",\"@id\":\"https:\/\/lyceeprofessionnelsimonlazard.fr\/#\/schema\/person\/1e2e7f9d09d5923bfe311374d167bafb\",\"name\":\"admin7977\",\"image\":{\"@type\":\"ImageObject\",\"inLanguage\":\"fr-FR\",\"@id\":\"https:\/\/secure.gravatar.com\/avatar\/7e20e261063ae03cc5ad0239e1f20959301d2a94cd6d3f927f67a0aa4345c179?s=96&d=mm&r=g\",\"url\":\"https:\/\/secure.gravatar.com\/avatar\/7e20e261063ae03cc5ad0239e1f20959301d2a94cd6d3f927f67a0aa4345c179?s=96&d=mm&r=g\",\"contentUrl\":\"https:\/\/secure.gravatar.com\/avatar\/7e20e261063ae03cc5ad0239e1f20959301d2a94cd6d3f927f67a0aa4345c179?s=96&d=mm&r=g\",\"caption\":\"admin7977\"},\"sameAs\":[\"http:\/\/lyceeprofessionnelsimonlazard.fr\"],\"url\":\"https:\/\/lyceeprofessionnelsimonlazard.fr\/index.php\/author\/admin7977\/\"}]}<\/script>\n<!-- \/ Yoast SEO plugin. -->","yoast_head_json":{"title":"PRIX DU TRAVAIL MANUEL 2026 - LYCEE SIMON LAZARD","robots":{"index":"index","follow":"follow","max-snippet":"max-snippet:-1","max-image-preview":"max-image-preview:large","max-video-preview":"max-video-preview:-1"},"canonical":"https:\/\/lyceeprofessionnelsimonlazard.fr\/index.php\/2026\/04\/26\/prix-du-travail-manuel-2026\/","og_locale":"fr_FR","og_type":"article","og_title":"PRIX DU TRAVAIL MANUEL 2026 - LYCEE SIMON LAZARD","og_description":"Le ROTARY de Sarreguemines met \u00e0 l&rsquo;honneur nos \u00e9l\u00e8ves Le vendredi 20 mars 2026, la section h\u00f4teli\u00e8re a eu le plaisir d\u2019accueillir les membres du Rotary Club. Fid\u00e8le \u00e0 son engagement en faveur des m\u00e9tiers manuels, le Rotary met chaque ann\u00e9e une profession \u00e0 l\u2019honneur \u00e0 travers un concours d\u00e9di\u00e9. Cette \u00e9dition a brillamment mis [&hellip;]","og_url":"https:\/\/lyceeprofessionnelsimonlazard.fr\/index.php\/2026\/04\/26\/prix-du-travail-manuel-2026\/","og_site_name":"LYCEE SIMON LAZARD","article_publisher":"https:\/\/www.facebook.com\/profile.php?id=61551412921207","article_published_time":"2026-04-26T13:59:41+00:00","article_modified_time":"2026-04-26T14:24:02+00:00","og_image":[{"width":1253,"height":696,"url":"https:\/\/lyceeprofessionnelsimonlazard.fr\/wp-content\/uploads\/2026\/04\/prix-trav-manuel.jpg","type":"image\/jpeg"}],"author":"admin7977","twitter_card":"summary_large_image","twitter_misc":{"\u00c9crit par":"admin7977","Dur\u00e9e de lecture estim\u00e9e":"3 minutes"},"schema":{"@context":"https:\/\/schema.org","@graph":[{"@type":"Article","@id":"https:\/\/lyceeprofessionnelsimonlazard.fr\/index.php\/2026\/04\/26\/prix-du-travail-manuel-2026\/#article","isPartOf":{"@id":"https:\/\/lyceeprofessionnelsimonlazard.fr\/index.php\/2026\/04\/26\/prix-du-travail-manuel-2026\/"},"author":{"name":"admin7977","@id":"https:\/\/lyceeprofessionnelsimonlazard.fr\/#\/schema\/person\/1e2e7f9d09d5923bfe311374d167bafb"},"headline":"PRIX DU TRAVAIL MANUEL 2026","datePublished":"2026-04-26T13:59:41+00:00","dateModified":"2026-04-26T14:24:02+00:00","mainEntityOfPage":{"@id":"https:\/\/lyceeprofessionnelsimonlazard.fr\/index.php\/2026\/04\/26\/prix-du-travail-manuel-2026\/"},"wordCount":220,"commentCount":0,"publisher":{"@id":"https:\/\/lyceeprofessionnelsimonlazard.fr\/#organization"},"image":{"@id":"https:\/\/lyceeprofessionnelsimonlazard.fr\/index.php\/2026\/04\/26\/prix-du-travail-manuel-2026\/#primaryimage"},"thumbnailUrl":"https:\/\/lyceeprofessionnelsimonlazard.fr\/wp-content\/uploads\/2026\/04\/prix-trav-manuel.jpg","inLanguage":"fr-FR","potentialAction":[{"@type":"CommentAction","name":"Comment","target":["https:\/\/lyceeprofessionnelsimonlazard.fr\/index.php\/2026\/04\/26\/prix-du-travail-manuel-2026\/#respond"]}]},{"@type":"WebPage","@id":"https:\/\/lyceeprofessionnelsimonlazard.fr\/index.php\/2026\/04\/26\/prix-du-travail-manuel-2026\/","url":"https:\/\/lyceeprofessionnelsimonlazard.fr\/index.php\/2026\/04\/26\/prix-du-travail-manuel-2026\/","name":"PRIX DU TRAVAIL MANUEL 2026 - LYCEE SIMON LAZARD","isPartOf":{"@id":"https:\/\/lyceeprofessionnelsimonlazard.fr\/#website"},"primaryImageOfPage":{"@id":"https:\/\/lyceeprofessionnelsimonlazard.fr\/index.php\/2026\/04\/26\/prix-du-travail-manuel-2026\/#primaryimage"},"image":{"@id":"https:\/\/lyceeprofessionnelsimonlazard.fr\/index.php\/2026\/04\/26\/prix-du-travail-manuel-2026\/#primaryimage"},"thumbnailUrl":"https:\/\/lyceeprofessionnelsimonlazard.fr\/wp-content\/uploads\/2026\/04\/prix-trav-manuel.jpg","datePublished":"2026-04-26T13:59:41+00:00","dateModified":"2026-04-26T14:24:02+00:00","breadcrumb":{"@id":"https:\/\/lyceeprofessionnelsimonlazard.fr\/index.php\/2026\/04\/26\/prix-du-travail-manuel-2026\/#breadcrumb"},"inLanguage":"fr-FR","potentialAction":[{"@type":"ReadAction","target":["https:\/\/lyceeprofessionnelsimonlazard.fr\/index.php\/2026\/04\/26\/prix-du-travail-manuel-2026\/"]}]},{"@type":"ImageObject","inLanguage":"fr-FR","@id":"https:\/\/lyceeprofessionnelsimonlazard.fr\/index.php\/2026\/04\/26\/prix-du-travail-manuel-2026\/#primaryimage","url":"https:\/\/lyceeprofessionnelsimonlazard.fr\/wp-content\/uploads\/2026\/04\/prix-trav-manuel.jpg","contentUrl":"https:\/\/lyceeprofessionnelsimonlazard.fr\/wp-content\/uploads\/2026\/04\/prix-trav-manuel.jpg","width":1253,"height":696},{"@type":"BreadcrumbList","@id":"https:\/\/lyceeprofessionnelsimonlazard.fr\/index.php\/2026\/04\/26\/prix-du-travail-manuel-2026\/#breadcrumb","itemListElement":[{"@type":"ListItem","position":1,"name":"Accueil","item":"https:\/\/lyceeprofessionnelsimonlazard.fr\/"},{"@type":"ListItem","position":2,"name":"PRIX DU TRAVAIL MANUEL 2026"}]},{"@type":"WebSite","@id":"https:\/\/lyceeprofessionnelsimonlazard.fr\/#website","url":"https:\/\/lyceeprofessionnelsimonlazard.fr\/","name":"LYCEE SIMON LAZARD","description":"De la r\u00e9ussite scolaire \u00e0 la r\u00e9ussite professionnelle","publisher":{"@id":"https:\/\/lyceeprofessionnelsimonlazard.fr\/#organization"},"alternateName":"SIMON LAZARD","potentialAction":[{"@type":"SearchAction","target":{"@type":"EntryPoint","urlTemplate":"https:\/\/lyceeprofessionnelsimonlazard.fr\/?s={search_term_string}"},"query-input":{"@type":"PropertyValueSpecification","valueRequired":true,"valueName":"search_term_string"}}],"inLanguage":"fr-FR"},{"@type":"Organization","@id":"https:\/\/lyceeprofessionnelsimonlazard.fr\/#organization","name":"LYCEE SIMON LAZARD","url":"https:\/\/lyceeprofessionnelsimonlazard.fr\/","logo":{"@type":"ImageObject","inLanguage":"fr-FR","@id":"https:\/\/lyceeprofessionnelsimonlazard.fr\/#\/schema\/logo\/image\/","url":"https:\/\/lyceeprofessionnelsimonlazard.fr\/wp-content\/uploads\/2023\/12\/logo-lazard.jpg","contentUrl":"https:\/\/lyceeprofessionnelsimonlazard.fr\/wp-content\/uploads\/2023\/12\/logo-lazard.jpg","width":1304,"height":951,"caption":"LYCEE SIMON LAZARD"},"image":{"@id":"https:\/\/lyceeprofessionnelsimonlazard.fr\/#\/schema\/logo\/image\/"},"sameAs":["https:\/\/www.facebook.com\/profile.php?id=61551412921207","https:\/\/www.instagram.com\/lpsimonlazard\/"]},{"@type":"Person","@id":"https:\/\/lyceeprofessionnelsimonlazard.fr\/#\/schema\/person\/1e2e7f9d09d5923bfe311374d167bafb","name":"admin7977","image":{"@type":"ImageObject","inLanguage":"fr-FR","@id":"https:\/\/secure.gravatar.com\/avatar\/7e20e261063ae03cc5ad0239e1f20959301d2a94cd6d3f927f67a0aa4345c179?s=96&d=mm&r=g","url":"https:\/\/secure.gravatar.com\/avatar\/7e20e261063ae03cc5ad0239e1f20959301d2a94cd6d3f927f67a0aa4345c179?s=96&d=mm&r=g","contentUrl":"https:\/\/secure.gravatar.com\/avatar\/7e20e261063ae03cc5ad0239e1f20959301d2a94cd6d3f927f67a0aa4345c179?s=96&d=mm&r=g","caption":"admin7977"},"sameAs":["http:\/\/lyceeprofessionnelsimonlazard.fr"],"url":"https:\/\/lyceeprofessionnelsimonlazard.fr\/index.php\/author\/admin7977\/"}]}},"_links":{"self":[{"href":"https:\/\/lyceeprofessionnelsimonlazard.fr\/index.php\/wp-json\/wp\/v2\/posts\/6939","targetHints":{"allow":["GET"]}}],"collection":[{"href":"https:\/\/lyceeprofessionnelsimonlazard.fr\/index.php\/wp-json\/wp\/v2\/posts"}],"about":[{"href":"https:\/\/lyceeprofessionnelsimonlazard.fr\/index.php\/wp-json\/wp\/v2\/types\/post"}],"author":[{"embeddable":true,"href":"https:\/\/lyceeprofessionnelsimonlazard.fr\/index.php\/wp-json\/wp\/v2\/users\/1"}],"replies":[{"embeddable":true,"href":"https:\/\/lyceeprofessionnelsimonlazard.fr\/index.php\/wp-json\/wp\/v2\/comments?post=6939"}],"version-history":[{"count":13,"href":"https:\/\/lyceeprofessionnelsimonlazard.fr\/index.php\/wp-json\/wp\/v2\/posts\/6939\/revisions"}],"predecessor-version":[{"id":6963,"href":"https:\/\/lyceeprofessionnelsimonlazard.fr\/index.php\/wp-json\/wp\/v2\/posts\/6939\/revisions\/6963"}],"wp:featuredmedia":[{"embeddable":true,"href":"https:\/\/lyceeprofessionnelsimonlazard.fr\/index.php\/wp-json\/wp\/v2\/media\/6940"}],"wp:attachment":[{"href":"https:\/\/lyceeprofessionnelsimonlazard.fr\/index.php\/wp-json\/wp\/v2\/media?parent=6939"}],"wp:term":[{"taxonomy":"category","embeddable":true,"href":"https:\/\/lyceeprofessionnelsimonlazard.fr\/index.php\/wp-json\/wp\/v2\/categories?post=6939"},{"taxonomy":"post_tag","embeddable":true,"href":"https:\/\/lyceeprofessionnelsimonlazard.fr\/index.php\/wp-json\/wp\/v2\/tags?post=6939"}],"curies":[{"name":"wp","href":"https:\/\/api.w.org\/{rel}","templated":true}]}}