{"id":4262,"date":"2024-11-03T13:36:02","date_gmt":"2024-11-03T12:36:02","guid":{"rendered":"https:\/\/lyceeprofessionnelsimonlazard.fr\/?p=4262"},"modified":"2026-02-18T21:37:29","modified_gmt":"2026-02-18T20:37:29","slug":"visite-du-torrefacteur-gurtner-de-sarreguemines","status":"publish","type":"post","link":"https:\/\/lyceeprofessionnelsimonlazard.fr\/index.php\/2024\/11\/03\/visite-du-torrefacteur-gurtner-de-sarreguemines\/","title":{"rendered":"VISITE DU TORREFACTEUR GURTNER DE SARREGUEMINES"},"content":{"rendered":"\t\t<div data-elementor-type=\"wp-post\" data-elementor-id=\"4262\" class=\"elementor elementor-4262\" data-elementor-post-type=\"post\">\n\t\t\t\t<div class=\"elementor-element elementor-element-03390d6 e-flex e-con-boxed e-con e-parent\" data-id=\"03390d6\" data-element_type=\"container\" data-e-type=\"container\">\n\t\t\t\t\t<div class=\"e-con-inner\">\n\t\t\t\t<div class=\"elementor-element elementor-element-3877373 elementor-widget elementor-widget-text-editor\" data-id=\"3877373\" data-element_type=\"widget\" data-e-type=\"widget\" data-widget_type=\"text-editor.default\">\n\t\t\t\t<div class=\"elementor-widget-container\">\n\t\t\t\t\t\t\t\t\t<p>Aujourd&rsquo;hui, mardi 15 octobre 2024, les secondes MHR ont pu d\u00e9couvrir la torr\u00e9faction du caf\u00e9 de fa\u00e7on artisanale chez notre partenaire<a href=\"https:\/\/www.cafes-gurtner.fr\/\"> \u00ab\u00a0Gurtner\u00a0\u00bb<\/a>, entreprise familiale de plus de 50 ans situ\u00e9e \u00e0 Sarreguemines. Cette visite s&rsquo;est faite apr\u00e8s une s\u00e9ance se concentrant sur la r\u00e9alisation des diff\u00e9rentes boissons chaudes au restaurant ainsi que de diff\u00e9rentes analyses sensorielles. Elle a permis aux \u00e9l\u00e8ves de mieux comprendre d&rsquo;o\u00f9 vient le caf\u00e9 et comment on le \u00ab\u00a0fabrique\u00a0\u00bb.<\/p>\t\t\t\t\t\t\t\t<\/div>\n\t\t\t\t<\/div>\n\t\t\t\t\t<\/div>\n\t\t\t\t<\/div>\n\t\t<div class=\"elementor-element elementor-element-6b2bd33 e-flex e-con-boxed e-con e-parent\" data-id=\"6b2bd33\" data-element_type=\"container\" data-e-type=\"container\">\n\t\t\t\t\t<div class=\"e-con-inner\">\n\t\t\t\t<div class=\"elementor-element elementor-element-4e2d3cf gallery-spacing-custom elementor-widget elementor-widget-image-gallery\" data-id=\"4e2d3cf\" data-element_type=\"widget\" data-e-type=\"widget\" data-widget_type=\"image-gallery.default\">\n\t\t\t\t<div class=\"elementor-widget-container\">\n\t\t\t\t\t\t\t<div class=\"elementor-image-gallery\">\n\t\t\t\n<a data-elementor-open-lightbox=\"yes\" data-elementor-lightbox-slideshow=\"4e2d3cf\" data-elementor-lightbox-title=\"GU1\" data-e-action-hash=\"#elementor-action%3Aaction%3Dlightbox%26settings%3DeyJpZCI6NDI3MCwidXJsIjoiaHR0cHM6XC9cL2x5Y2VlcHJvZmVzc2lvbm5lbHNpbW9ubGF6YXJkLmZyXC93cC1jb250ZW50XC91cGxvYWRzXC8yMDI0XC8xMVwvR1UxLmpwZyIsInNsaWRlc2hvdyI6IjRlMmQzY2YifQ%3D%3D\" href='https:\/\/lyceeprofessionnelsimonlazard.fr\/wp-content\/uploads\/2024\/11\/GU1.jpg'><img decoding=\"async\" width=\"150\" height=\"150\" src=\"https:\/\/lyceeprofessionnelsimonlazard.fr\/wp-content\/uploads\/2024\/11\/GU1-150x150.jpg\" class=\"attachment-thumbnail size-thumbnail\" alt=\"\" \/><\/a>\n<a data-elementor-open-lightbox=\"yes\" data-elementor-lightbox-slideshow=\"4e2d3cf\" data-elementor-lightbox-title=\"GU2\" data-e-action-hash=\"#elementor-action%3Aaction%3Dlightbox%26settings%3DeyJpZCI6NDI2OSwidXJsIjoiaHR0cHM6XC9cL2x5Y2VlcHJvZmVzc2lvbm5lbHNpbW9ubGF6YXJkLmZyXC93cC1jb250ZW50XC91cGxvYWRzXC8yMDI0XC8xMVwvR1UyLmpwZyIsInNsaWRlc2hvdyI6IjRlMmQzY2YifQ%3D%3D\" href='https:\/\/lyceeprofessionnelsimonlazard.fr\/wp-content\/uploads\/2024\/11\/GU2.jpg'><img decoding=\"async\" width=\"150\" height=\"150\" src=\"https:\/\/lyceeprofessionnelsimonlazard.fr\/wp-content\/uploads\/2024\/11\/GU2-150x150.jpg\" class=\"attachment-thumbnail size-thumbnail\" alt=\"\" \/><\/a>\n<a data-elementor-open-lightbox=\"yes\" data-elementor-lightbox-slideshow=\"4e2d3cf\" data-elementor-lightbox-title=\"GU3\" data-e-action-hash=\"#elementor-action%3Aaction%3Dlightbox%26settings%3DeyJpZCI6NDI2OCwidXJsIjoiaHR0cHM6XC9cL2x5Y2VlcHJvZmVzc2lvbm5lbHNpbW9ubGF6YXJkLmZyXC93cC1jb250ZW50XC91cGxvYWRzXC8yMDI0XC8xMVwvR1UzLmpwZyIsInNsaWRlc2hvdyI6IjRlMmQzY2YifQ%3D%3D\" href='https:\/\/lyceeprofessionnelsimonlazard.fr\/wp-content\/uploads\/2024\/11\/GU3.jpg'><img decoding=\"async\" width=\"150\" height=\"150\" src=\"https:\/\/lyceeprofessionnelsimonlazard.fr\/wp-content\/uploads\/2024\/11\/GU3-150x150.jpg\" class=\"attachment-thumbnail size-thumbnail\" alt=\"\" \/><\/a>\n<a data-elementor-open-lightbox=\"yes\" data-elementor-lightbox-slideshow=\"4e2d3cf\" data-elementor-lightbox-title=\"GU4\" data-e-action-hash=\"#elementor-action%3Aaction%3Dlightbox%26settings%3DeyJpZCI6NDI2NywidXJsIjoiaHR0cHM6XC9cL2x5Y2VlcHJvZmVzc2lvbm5lbHNpbW9ubGF6YXJkLmZyXC93cC1jb250ZW50XC91cGxvYWRzXC8yMDI0XC8xMVwvR1U0LmpwZyIsInNsaWRlc2hvdyI6IjRlMmQzY2YifQ%3D%3D\" href='https:\/\/lyceeprofessionnelsimonlazard.fr\/wp-content\/uploads\/2024\/11\/GU4.jpg'><img loading=\"lazy\" decoding=\"async\" width=\"150\" height=\"150\" src=\"https:\/\/lyceeprofessionnelsimonlazard.fr\/wp-content\/uploads\/2024\/11\/GU4-150x150.jpg\" class=\"attachment-thumbnail size-thumbnail\" alt=\"\" \/><\/a>\n<a data-elementor-open-lightbox=\"yes\" data-elementor-lightbox-slideshow=\"4e2d3cf\" data-elementor-lightbox-title=\"GU5\" data-e-action-hash=\"#elementor-action%3Aaction%3Dlightbox%26settings%3DeyJpZCI6NDI2NiwidXJsIjoiaHR0cHM6XC9cL2x5Y2VlcHJvZmVzc2lvbm5lbHNpbW9ubGF6YXJkLmZyXC93cC1jb250ZW50XC91cGxvYWRzXC8yMDI0XC8xMVwvR1U1LmpwZyIsInNsaWRlc2hvdyI6IjRlMmQzY2YifQ%3D%3D\" href='https:\/\/lyceeprofessionnelsimonlazard.fr\/wp-content\/uploads\/2024\/11\/GU5.jpg'><img loading=\"lazy\" decoding=\"async\" width=\"150\" height=\"150\" src=\"https:\/\/lyceeprofessionnelsimonlazard.fr\/wp-content\/uploads\/2024\/11\/GU5-150x150.jpg\" class=\"attachment-thumbnail size-thumbnail\" alt=\"\" \/><\/a>\n<a data-elementor-open-lightbox=\"yes\" data-elementor-lightbox-slideshow=\"4e2d3cf\" data-elementor-lightbox-title=\"GU6\" data-e-action-hash=\"#elementor-action%3Aaction%3Dlightbox%26settings%3DeyJpZCI6NDI2NSwidXJsIjoiaHR0cHM6XC9cL2x5Y2VlcHJvZmVzc2lvbm5lbHNpbW9ubGF6YXJkLmZyXC93cC1jb250ZW50XC91cGxvYWRzXC8yMDI0XC8xMVwvR1U2LmpwZyIsInNsaWRlc2hvdyI6IjRlMmQzY2YifQ%3D%3D\" href='https:\/\/lyceeprofessionnelsimonlazard.fr\/wp-content\/uploads\/2024\/11\/GU6.jpg'><img loading=\"lazy\" decoding=\"async\" width=\"150\" height=\"150\" src=\"https:\/\/lyceeprofessionnelsimonlazard.fr\/wp-content\/uploads\/2024\/11\/GU6-150x150.jpg\" class=\"attachment-thumbnail size-thumbnail\" alt=\"\" \/><\/a>\n<a data-elementor-open-lightbox=\"yes\" data-elementor-lightbox-slideshow=\"4e2d3cf\" data-elementor-lightbox-title=\"GU7\" data-e-action-hash=\"#elementor-action%3Aaction%3Dlightbox%26settings%3DeyJpZCI6NDI2NCwidXJsIjoiaHR0cHM6XC9cL2x5Y2VlcHJvZmVzc2lvbm5lbHNpbW9ubGF6YXJkLmZyXC93cC1jb250ZW50XC91cGxvYWRzXC8yMDI0XC8xMVwvR1U3LmpwZyIsInNsaWRlc2hvdyI6IjRlMmQzY2YifQ%3D%3D\" href='https:\/\/lyceeprofessionnelsimonlazard.fr\/wp-content\/uploads\/2024\/11\/GU7.jpg'><img loading=\"lazy\" decoding=\"async\" width=\"150\" height=\"150\" src=\"https:\/\/lyceeprofessionnelsimonlazard.fr\/wp-content\/uploads\/2024\/11\/GU7-150x150.jpg\" class=\"attachment-thumbnail size-thumbnail\" alt=\"\" \/><\/a>\n<a data-elementor-open-lightbox=\"yes\" data-elementor-lightbox-slideshow=\"4e2d3cf\" data-elementor-lightbox-title=\"GU8\" data-e-action-hash=\"#elementor-action%3Aaction%3Dlightbox%26settings%3DeyJpZCI6NDI2MywidXJsIjoiaHR0cHM6XC9cL2x5Y2VlcHJvZmVzc2lvbm5lbHNpbW9ubGF6YXJkLmZyXC93cC1jb250ZW50XC91cGxvYWRzXC8yMDI0XC8xMVwvR1U4LmpwZyIsInNsaWRlc2hvdyI6IjRlMmQzY2YifQ%3D%3D\" href='https:\/\/lyceeprofessionnelsimonlazard.fr\/wp-content\/uploads\/2024\/11\/GU8.jpg'><img loading=\"lazy\" decoding=\"async\" width=\"150\" height=\"150\" src=\"https:\/\/lyceeprofessionnelsimonlazard.fr\/wp-content\/uploads\/2024\/11\/GU8-150x150.jpg\" class=\"attachment-thumbnail size-thumbnail\" alt=\"\" \/><\/a>\n\t\t<\/div>\n\t\t\t\t\t\t<\/div>\n\t\t\t\t<\/div>\n\t\t\t\t\t<\/div>\n\t\t\t\t<\/div>\n\t\t<div class=\"elementor-element elementor-element-6780af2 e-flex e-con-boxed e-con e-parent\" data-id=\"6780af2\" data-element_type=\"container\" data-e-type=\"container\">\n\t\t\t\t\t<div class=\"e-con-inner\">\n\t\t\t\t<div class=\"elementor-element elementor-element-a6f2a07 elementor-widget elementor-widget-video\" data-id=\"a6f2a07\" data-element_type=\"widget\" data-e-type=\"widget\" data-settings=\"{&quot;youtube_url&quot;:&quot;https:\\\/\\\/www.youtube.com\\\/watch?v=9MfuBkPZXZg&amp;t=1s&quot;,&quot;video_type&quot;:&quot;youtube&quot;,&quot;controls&quot;:&quot;yes&quot;}\" data-widget_type=\"video.default\">\n\t\t\t\t<div class=\"elementor-widget-container\">\n\t\t\t\t\t\t\t<div class=\"elementor-wrapper elementor-open-inline\">\n\t\t\t<div class=\"elementor-video\"><\/div>\t\t<\/div>\n\t\t\t\t\t\t<\/div>\n\t\t\t\t<\/div>\n\t\t\t\t\t<\/div>\n\t\t\t\t<\/div>\n\t\t\t\t<\/div>\n\t\t","protected":false},"excerpt":{"rendered":"<p>Aujourd&rsquo;hui, mardi 15 octobre 2024, les secondes MHR ont pu d\u00e9couvrir la torr\u00e9faction du caf\u00e9 de fa\u00e7on artisanale chez notre partenaire \u00ab\u00a0Gurtner\u00a0\u00bb, entreprise familiale de plus de 50 ans situ\u00e9e \u00e0 Sarreguemines. Cette visite s&rsquo;est faite apr\u00e8s une s\u00e9ance se concentrant sur la r\u00e9alisation des diff\u00e9rentes boissons chaudes au restaurant ainsi que de diff\u00e9rentes analyses [&hellip;]<\/p>\n","protected":false},"author":1,"featured_media":4266,"comment_status":"open","ping_status":"open","sticky":false,"template":"","format":"standard","meta":{"footnotes":""},"categories":[1],"tags":[],"class_list":["post-4262","post","type-post","status-publish","format-standard","has-post-thumbnail","hentry","category-non-classe"],"yoast_head":"<!-- This site is optimized with the Yoast SEO plugin v27.2 - https:\/\/yoast.com\/product\/yoast-seo-wordpress\/ -->\n<title>VISITE DU TORREFACTEUR GURTNER DE SARREGUEMINES - LYCEE SIMON LAZARD<\/title>\n<meta name=\"robots\" content=\"index, follow, max-snippet:-1, max-image-preview:large, max-video-preview:-1\" \/>\n<link rel=\"canonical\" href=\"https:\/\/lyceeprofessionnelsimonlazard.fr\/index.php\/2024\/11\/03\/visite-du-torrefacteur-gurtner-de-sarreguemines\/\" \/>\n<meta property=\"og:locale\" content=\"fr_FR\" \/>\n<meta property=\"og:type\" content=\"article\" \/>\n<meta property=\"og:title\" content=\"VISITE DU TORREFACTEUR GURTNER DE SARREGUEMINES - LYCEE SIMON LAZARD\" \/>\n<meta property=\"og:description\" content=\"Aujourd&rsquo;hui, mardi 15 octobre 2024, les secondes MHR ont pu d\u00e9couvrir la torr\u00e9faction du caf\u00e9 de fa\u00e7on artisanale chez notre partenaire \u00ab\u00a0Gurtner\u00a0\u00bb, entreprise familiale de plus de 50 ans situ\u00e9e \u00e0 Sarreguemines. Cette visite s&rsquo;est faite apr\u00e8s une s\u00e9ance se concentrant sur la r\u00e9alisation des diff\u00e9rentes boissons chaudes au restaurant ainsi que de diff\u00e9rentes analyses [&hellip;]\" \/>\n<meta property=\"og:url\" content=\"https:\/\/lyceeprofessionnelsimonlazard.fr\/index.php\/2024\/11\/03\/visite-du-torrefacteur-gurtner-de-sarreguemines\/\" \/>\n<meta property=\"og:site_name\" content=\"LYCEE SIMON LAZARD\" \/>\n<meta property=\"article:publisher\" content=\"https:\/\/www.facebook.com\/profile.php?id=61551412921207\" \/>\n<meta property=\"article:published_time\" content=\"2024-11-03T12:36:02+00:00\" \/>\n<meta property=\"article:modified_time\" content=\"2026-02-18T20:37:29+00:00\" \/>\n<meta property=\"og:image\" content=\"http:\/\/lyceeprofessionnelsimonlazard.fr\/wp-content\/uploads\/2024\/11\/GU5.jpg\" \/>\n\t<meta property=\"og:image:width\" content=\"704\" \/>\n\t<meta property=\"og:image:height\" content=\"882\" \/>\n\t<meta property=\"og:image:type\" content=\"image\/jpeg\" \/>\n<meta name=\"author\" content=\"admin7977\" \/>\n<meta name=\"twitter:card\" content=\"summary_large_image\" \/>\n<meta name=\"twitter:label1\" content=\"\u00c9crit par\" \/>\n\t<meta name=\"twitter:data1\" content=\"admin7977\" \/>\n\t<meta name=\"twitter:label2\" content=\"Dur\u00e9e de lecture estim\u00e9e\" \/>\n\t<meta name=\"twitter:data2\" content=\"2 minutes\" \/>\n<script type=\"application\/ld+json\" class=\"yoast-schema-graph\">{\"@context\":\"https:\/\/schema.org\",\"@graph\":[{\"@type\":\"Article\",\"@id\":\"https:\/\/lyceeprofessionnelsimonlazard.fr\/index.php\/2024\/11\/03\/visite-du-torrefacteur-gurtner-de-sarreguemines\/#article\",\"isPartOf\":{\"@id\":\"https:\/\/lyceeprofessionnelsimonlazard.fr\/index.php\/2024\/11\/03\/visite-du-torrefacteur-gurtner-de-sarreguemines\/\"},\"author\":{\"name\":\"admin7977\",\"@id\":\"https:\/\/lyceeprofessionnelsimonlazard.fr\/#\/schema\/person\/1e2e7f9d09d5923bfe311374d167bafb\"},\"headline\":\"VISITE DU TORREFACTEUR GURTNER DE SARREGUEMINES\",\"datePublished\":\"2024-11-03T12:36:02+00:00\",\"dateModified\":\"2026-02-18T20:37:29+00:00\",\"mainEntityOfPage\":{\"@id\":\"https:\/\/lyceeprofessionnelsimonlazard.fr\/index.php\/2024\/11\/03\/visite-du-torrefacteur-gurtner-de-sarreguemines\/\"},\"wordCount\":94,\"commentCount\":0,\"publisher\":{\"@id\":\"https:\/\/lyceeprofessionnelsimonlazard.fr\/#organization\"},\"image\":{\"@id\":\"https:\/\/lyceeprofessionnelsimonlazard.fr\/index.php\/2024\/11\/03\/visite-du-torrefacteur-gurtner-de-sarreguemines\/#primaryimage\"},\"thumbnailUrl\":\"https:\/\/lyceeprofessionnelsimonlazard.fr\/wp-content\/uploads\/2024\/11\/GU5.jpg\",\"inLanguage\":\"fr-FR\",\"potentialAction\":[{\"@type\":\"CommentAction\",\"name\":\"Comment\",\"target\":[\"https:\/\/lyceeprofessionnelsimonlazard.fr\/index.php\/2024\/11\/03\/visite-du-torrefacteur-gurtner-de-sarreguemines\/#respond\"]}]},{\"@type\":\"WebPage\",\"@id\":\"https:\/\/lyceeprofessionnelsimonlazard.fr\/index.php\/2024\/11\/03\/visite-du-torrefacteur-gurtner-de-sarreguemines\/\",\"url\":\"https:\/\/lyceeprofessionnelsimonlazard.fr\/index.php\/2024\/11\/03\/visite-du-torrefacteur-gurtner-de-sarreguemines\/\",\"name\":\"VISITE DU TORREFACTEUR GURTNER DE SARREGUEMINES - LYCEE SIMON LAZARD\",\"isPartOf\":{\"@id\":\"https:\/\/lyceeprofessionnelsimonlazard.fr\/#website\"},\"primaryImageOfPage\":{\"@id\":\"https:\/\/lyceeprofessionnelsimonlazard.fr\/index.php\/2024\/11\/03\/visite-du-torrefacteur-gurtner-de-sarreguemines\/#primaryimage\"},\"image\":{\"@id\":\"https:\/\/lyceeprofessionnelsimonlazard.fr\/index.php\/2024\/11\/03\/visite-du-torrefacteur-gurtner-de-sarreguemines\/#primaryimage\"},\"thumbnailUrl\":\"https:\/\/lyceeprofessionnelsimonlazard.fr\/wp-content\/uploads\/2024\/11\/GU5.jpg\",\"datePublished\":\"2024-11-03T12:36:02+00:00\",\"dateModified\":\"2026-02-18T20:37:29+00:00\",\"breadcrumb\":{\"@id\":\"https:\/\/lyceeprofessionnelsimonlazard.fr\/index.php\/2024\/11\/03\/visite-du-torrefacteur-gurtner-de-sarreguemines\/#breadcrumb\"},\"inLanguage\":\"fr-FR\",\"potentialAction\":[{\"@type\":\"ReadAction\",\"target\":[\"https:\/\/lyceeprofessionnelsimonlazard.fr\/index.php\/2024\/11\/03\/visite-du-torrefacteur-gurtner-de-sarreguemines\/\"]}]},{\"@type\":\"ImageObject\",\"inLanguage\":\"fr-FR\",\"@id\":\"https:\/\/lyceeprofessionnelsimonlazard.fr\/index.php\/2024\/11\/03\/visite-du-torrefacteur-gurtner-de-sarreguemines\/#primaryimage\",\"url\":\"https:\/\/lyceeprofessionnelsimonlazard.fr\/wp-content\/uploads\/2024\/11\/GU5.jpg\",\"contentUrl\":\"https:\/\/lyceeprofessionnelsimonlazard.fr\/wp-content\/uploads\/2024\/11\/GU5.jpg\",\"width\":704,\"height\":882},{\"@type\":\"BreadcrumbList\",\"@id\":\"https:\/\/lyceeprofessionnelsimonlazard.fr\/index.php\/2024\/11\/03\/visite-du-torrefacteur-gurtner-de-sarreguemines\/#breadcrumb\",\"itemListElement\":[{\"@type\":\"ListItem\",\"position\":1,\"name\":\"Accueil\",\"item\":\"https:\/\/lyceeprofessionnelsimonlazard.fr\/\"},{\"@type\":\"ListItem\",\"position\":2,\"name\":\"VISITE DU TORREFACTEUR GURTNER DE SARREGUEMINES\"}]},{\"@type\":\"WebSite\",\"@id\":\"https:\/\/lyceeprofessionnelsimonlazard.fr\/#website\",\"url\":\"https:\/\/lyceeprofessionnelsimonlazard.fr\/\",\"name\":\"LYCEE SIMON LAZARD\",\"description\":\"De la r\u00e9ussite scolaire \u00e0 la r\u00e9ussite professionnelle\",\"publisher\":{\"@id\":\"https:\/\/lyceeprofessionnelsimonlazard.fr\/#organization\"},\"alternateName\":\"SIMON LAZARD\",\"potentialAction\":[{\"@type\":\"SearchAction\",\"target\":{\"@type\":\"EntryPoint\",\"urlTemplate\":\"https:\/\/lyceeprofessionnelsimonlazard.fr\/?s={search_term_string}\"},\"query-input\":{\"@type\":\"PropertyValueSpecification\",\"valueRequired\":true,\"valueName\":\"search_term_string\"}}],\"inLanguage\":\"fr-FR\"},{\"@type\":\"Organization\",\"@id\":\"https:\/\/lyceeprofessionnelsimonlazard.fr\/#organization\",\"name\":\"LYCEE SIMON LAZARD\",\"url\":\"https:\/\/lyceeprofessionnelsimonlazard.fr\/\",\"logo\":{\"@type\":\"ImageObject\",\"inLanguage\":\"fr-FR\",\"@id\":\"https:\/\/lyceeprofessionnelsimonlazard.fr\/#\/schema\/logo\/image\/\",\"url\":\"https:\/\/lyceeprofessionnelsimonlazard.fr\/wp-content\/uploads\/2023\/12\/logo-lazard.jpg\",\"contentUrl\":\"https:\/\/lyceeprofessionnelsimonlazard.fr\/wp-content\/uploads\/2023\/12\/logo-lazard.jpg\",\"width\":1304,\"height\":951,\"caption\":\"LYCEE SIMON LAZARD\"},\"image\":{\"@id\":\"https:\/\/lyceeprofessionnelsimonlazard.fr\/#\/schema\/logo\/image\/\"},\"sameAs\":[\"https:\/\/www.facebook.com\/profile.php?id=61551412921207\",\"https:\/\/www.instagram.com\/lpsimonlazard\/\"]},{\"@type\":\"Person\",\"@id\":\"https:\/\/lyceeprofessionnelsimonlazard.fr\/#\/schema\/person\/1e2e7f9d09d5923bfe311374d167bafb\",\"name\":\"admin7977\",\"image\":{\"@type\":\"ImageObject\",\"inLanguage\":\"fr-FR\",\"@id\":\"https:\/\/secure.gravatar.com\/avatar\/7e20e261063ae03cc5ad0239e1f20959301d2a94cd6d3f927f67a0aa4345c179?s=96&d=mm&r=g\",\"url\":\"https:\/\/secure.gravatar.com\/avatar\/7e20e261063ae03cc5ad0239e1f20959301d2a94cd6d3f927f67a0aa4345c179?s=96&d=mm&r=g\",\"contentUrl\":\"https:\/\/secure.gravatar.com\/avatar\/7e20e261063ae03cc5ad0239e1f20959301d2a94cd6d3f927f67a0aa4345c179?s=96&d=mm&r=g\",\"caption\":\"admin7977\"},\"sameAs\":[\"http:\/\/lyceeprofessionnelsimonlazard.fr\"],\"url\":\"https:\/\/lyceeprofessionnelsimonlazard.fr\/index.php\/author\/admin7977\/\"}]}<\/script>\n<!-- \/ Yoast SEO plugin. -->","yoast_head_json":{"title":"VISITE DU TORREFACTEUR GURTNER DE SARREGUEMINES - LYCEE SIMON LAZARD","robots":{"index":"index","follow":"follow","max-snippet":"max-snippet:-1","max-image-preview":"max-image-preview:large","max-video-preview":"max-video-preview:-1"},"canonical":"https:\/\/lyceeprofessionnelsimonlazard.fr\/index.php\/2024\/11\/03\/visite-du-torrefacteur-gurtner-de-sarreguemines\/","og_locale":"fr_FR","og_type":"article","og_title":"VISITE DU TORREFACTEUR GURTNER DE SARREGUEMINES - LYCEE SIMON LAZARD","og_description":"Aujourd&rsquo;hui, mardi 15 octobre 2024, les secondes MHR ont pu d\u00e9couvrir la torr\u00e9faction du caf\u00e9 de fa\u00e7on artisanale chez notre partenaire \u00ab\u00a0Gurtner\u00a0\u00bb, entreprise familiale de plus de 50 ans situ\u00e9e \u00e0 Sarreguemines. Cette visite s&rsquo;est faite apr\u00e8s une s\u00e9ance se concentrant sur la r\u00e9alisation des diff\u00e9rentes boissons chaudes au restaurant ainsi que de diff\u00e9rentes analyses [&hellip;]","og_url":"https:\/\/lyceeprofessionnelsimonlazard.fr\/index.php\/2024\/11\/03\/visite-du-torrefacteur-gurtner-de-sarreguemines\/","og_site_name":"LYCEE SIMON LAZARD","article_publisher":"https:\/\/www.facebook.com\/profile.php?id=61551412921207","article_published_time":"2024-11-03T12:36:02+00:00","article_modified_time":"2026-02-18T20:37:29+00:00","og_image":[{"width":704,"height":882,"url":"http:\/\/lyceeprofessionnelsimonlazard.fr\/wp-content\/uploads\/2024\/11\/GU5.jpg","type":"image\/jpeg"}],"author":"admin7977","twitter_card":"summary_large_image","twitter_misc":{"\u00c9crit par":"admin7977","Dur\u00e9e de lecture estim\u00e9e":"2 minutes"},"schema":{"@context":"https:\/\/schema.org","@graph":[{"@type":"Article","@id":"https:\/\/lyceeprofessionnelsimonlazard.fr\/index.php\/2024\/11\/03\/visite-du-torrefacteur-gurtner-de-sarreguemines\/#article","isPartOf":{"@id":"https:\/\/lyceeprofessionnelsimonlazard.fr\/index.php\/2024\/11\/03\/visite-du-torrefacteur-gurtner-de-sarreguemines\/"},"author":{"name":"admin7977","@id":"https:\/\/lyceeprofessionnelsimonlazard.fr\/#\/schema\/person\/1e2e7f9d09d5923bfe311374d167bafb"},"headline":"VISITE DU TORREFACTEUR GURTNER DE SARREGUEMINES","datePublished":"2024-11-03T12:36:02+00:00","dateModified":"2026-02-18T20:37:29+00:00","mainEntityOfPage":{"@id":"https:\/\/lyceeprofessionnelsimonlazard.fr\/index.php\/2024\/11\/03\/visite-du-torrefacteur-gurtner-de-sarreguemines\/"},"wordCount":94,"commentCount":0,"publisher":{"@id":"https:\/\/lyceeprofessionnelsimonlazard.fr\/#organization"},"image":{"@id":"https:\/\/lyceeprofessionnelsimonlazard.fr\/index.php\/2024\/11\/03\/visite-du-torrefacteur-gurtner-de-sarreguemines\/#primaryimage"},"thumbnailUrl":"https:\/\/lyceeprofessionnelsimonlazard.fr\/wp-content\/uploads\/2024\/11\/GU5.jpg","inLanguage":"fr-FR","potentialAction":[{"@type":"CommentAction","name":"Comment","target":["https:\/\/lyceeprofessionnelsimonlazard.fr\/index.php\/2024\/11\/03\/visite-du-torrefacteur-gurtner-de-sarreguemines\/#respond"]}]},{"@type":"WebPage","@id":"https:\/\/lyceeprofessionnelsimonlazard.fr\/index.php\/2024\/11\/03\/visite-du-torrefacteur-gurtner-de-sarreguemines\/","url":"https:\/\/lyceeprofessionnelsimonlazard.fr\/index.php\/2024\/11\/03\/visite-du-torrefacteur-gurtner-de-sarreguemines\/","name":"VISITE DU TORREFACTEUR GURTNER DE SARREGUEMINES - LYCEE SIMON LAZARD","isPartOf":{"@id":"https:\/\/lyceeprofessionnelsimonlazard.fr\/#website"},"primaryImageOfPage":{"@id":"https:\/\/lyceeprofessionnelsimonlazard.fr\/index.php\/2024\/11\/03\/visite-du-torrefacteur-gurtner-de-sarreguemines\/#primaryimage"},"image":{"@id":"https:\/\/lyceeprofessionnelsimonlazard.fr\/index.php\/2024\/11\/03\/visite-du-torrefacteur-gurtner-de-sarreguemines\/#primaryimage"},"thumbnailUrl":"https:\/\/lyceeprofessionnelsimonlazard.fr\/wp-content\/uploads\/2024\/11\/GU5.jpg","datePublished":"2024-11-03T12:36:02+00:00","dateModified":"2026-02-18T20:37:29+00:00","breadcrumb":{"@id":"https:\/\/lyceeprofessionnelsimonlazard.fr\/index.php\/2024\/11\/03\/visite-du-torrefacteur-gurtner-de-sarreguemines\/#breadcrumb"},"inLanguage":"fr-FR","potentialAction":[{"@type":"ReadAction","target":["https:\/\/lyceeprofessionnelsimonlazard.fr\/index.php\/2024\/11\/03\/visite-du-torrefacteur-gurtner-de-sarreguemines\/"]}]},{"@type":"ImageObject","inLanguage":"fr-FR","@id":"https:\/\/lyceeprofessionnelsimonlazard.fr\/index.php\/2024\/11\/03\/visite-du-torrefacteur-gurtner-de-sarreguemines\/#primaryimage","url":"https:\/\/lyceeprofessionnelsimonlazard.fr\/wp-content\/uploads\/2024\/11\/GU5.jpg","contentUrl":"https:\/\/lyceeprofessionnelsimonlazard.fr\/wp-content\/uploads\/2024\/11\/GU5.jpg","width":704,"height":882},{"@type":"BreadcrumbList","@id":"https:\/\/lyceeprofessionnelsimonlazard.fr\/index.php\/2024\/11\/03\/visite-du-torrefacteur-gurtner-de-sarreguemines\/#breadcrumb","itemListElement":[{"@type":"ListItem","position":1,"name":"Accueil","item":"https:\/\/lyceeprofessionnelsimonlazard.fr\/"},{"@type":"ListItem","position":2,"name":"VISITE DU TORREFACTEUR GURTNER DE SARREGUEMINES"}]},{"@type":"WebSite","@id":"https:\/\/lyceeprofessionnelsimonlazard.fr\/#website","url":"https:\/\/lyceeprofessionnelsimonlazard.fr\/","name":"LYCEE SIMON LAZARD","description":"De la r\u00e9ussite scolaire \u00e0 la r\u00e9ussite professionnelle","publisher":{"@id":"https:\/\/lyceeprofessionnelsimonlazard.fr\/#organization"},"alternateName":"SIMON LAZARD","potentialAction":[{"@type":"SearchAction","target":{"@type":"EntryPoint","urlTemplate":"https:\/\/lyceeprofessionnelsimonlazard.fr\/?s={search_term_string}"},"query-input":{"@type":"PropertyValueSpecification","valueRequired":true,"valueName":"search_term_string"}}],"inLanguage":"fr-FR"},{"@type":"Organization","@id":"https:\/\/lyceeprofessionnelsimonlazard.fr\/#organization","name":"LYCEE SIMON LAZARD","url":"https:\/\/lyceeprofessionnelsimonlazard.fr\/","logo":{"@type":"ImageObject","inLanguage":"fr-FR","@id":"https:\/\/lyceeprofessionnelsimonlazard.fr\/#\/schema\/logo\/image\/","url":"https:\/\/lyceeprofessionnelsimonlazard.fr\/wp-content\/uploads\/2023\/12\/logo-lazard.jpg","contentUrl":"https:\/\/lyceeprofessionnelsimonlazard.fr\/wp-content\/uploads\/2023\/12\/logo-lazard.jpg","width":1304,"height":951,"caption":"LYCEE SIMON LAZARD"},"image":{"@id":"https:\/\/lyceeprofessionnelsimonlazard.fr\/#\/schema\/logo\/image\/"},"sameAs":["https:\/\/www.facebook.com\/profile.php?id=61551412921207","https:\/\/www.instagram.com\/lpsimonlazard\/"]},{"@type":"Person","@id":"https:\/\/lyceeprofessionnelsimonlazard.fr\/#\/schema\/person\/1e2e7f9d09d5923bfe311374d167bafb","name":"admin7977","image":{"@type":"ImageObject","inLanguage":"fr-FR","@id":"https:\/\/secure.gravatar.com\/avatar\/7e20e261063ae03cc5ad0239e1f20959301d2a94cd6d3f927f67a0aa4345c179?s=96&d=mm&r=g","url":"https:\/\/secure.gravatar.com\/avatar\/7e20e261063ae03cc5ad0239e1f20959301d2a94cd6d3f927f67a0aa4345c179?s=96&d=mm&r=g","contentUrl":"https:\/\/secure.gravatar.com\/avatar\/7e20e261063ae03cc5ad0239e1f20959301d2a94cd6d3f927f67a0aa4345c179?s=96&d=mm&r=g","caption":"admin7977"},"sameAs":["http:\/\/lyceeprofessionnelsimonlazard.fr"],"url":"https:\/\/lyceeprofessionnelsimonlazard.fr\/index.php\/author\/admin7977\/"}]}},"_links":{"self":[{"href":"https:\/\/lyceeprofessionnelsimonlazard.fr\/index.php\/wp-json\/wp\/v2\/posts\/4262","targetHints":{"allow":["GET"]}}],"collection":[{"href":"https:\/\/lyceeprofessionnelsimonlazard.fr\/index.php\/wp-json\/wp\/v2\/posts"}],"about":[{"href":"https:\/\/lyceeprofessionnelsimonlazard.fr\/index.php\/wp-json\/wp\/v2\/types\/post"}],"author":[{"embeddable":true,"href":"https:\/\/lyceeprofessionnelsimonlazard.fr\/index.php\/wp-json\/wp\/v2\/users\/1"}],"replies":[{"embeddable":true,"href":"https:\/\/lyceeprofessionnelsimonlazard.fr\/index.php\/wp-json\/wp\/v2\/comments?post=4262"}],"version-history":[{"count":12,"href":"https:\/\/lyceeprofessionnelsimonlazard.fr\/index.php\/wp-json\/wp\/v2\/posts\/4262\/revisions"}],"predecessor-version":[{"id":6519,"href":"https:\/\/lyceeprofessionnelsimonlazard.fr\/index.php\/wp-json\/wp\/v2\/posts\/4262\/revisions\/6519"}],"wp:featuredmedia":[{"embeddable":true,"href":"https:\/\/lyceeprofessionnelsimonlazard.fr\/index.php\/wp-json\/wp\/v2\/media\/4266"}],"wp:attachment":[{"href":"https:\/\/lyceeprofessionnelsimonlazard.fr\/index.php\/wp-json\/wp\/v2\/media?parent=4262"}],"wp:term":[{"taxonomy":"category","embeddable":true,"href":"https:\/\/lyceeprofessionnelsimonlazard.fr\/index.php\/wp-json\/wp\/v2\/categories?post=4262"},{"taxonomy":"post_tag","embeddable":true,"href":"https:\/\/lyceeprofessionnelsimonlazard.fr\/index.php\/wp-json\/wp\/v2\/tags?post=4262"}],"curies":[{"name":"wp","href":"https:\/\/api.w.org\/{rel}","templated":true}]}}