{"id":3817,"date":"2024-05-05T21:49:59","date_gmt":"2024-05-05T19:49:59","guid":{"rendered":"https:\/\/lyceeprofessionnelsimonlazard.fr\/?p=3817"},"modified":"2024-05-05T21:52:35","modified_gmt":"2024-05-05T19:52:35","slug":"derniere-semaine-de-pfmp-a-prague-pour-nos-eleves-hoteliers","status":"publish","type":"post","link":"https:\/\/lyceeprofessionnelsimonlazard.fr\/index.php\/2024\/05\/05\/derniere-semaine-de-pfmp-a-prague-pour-nos-eleves-hoteliers\/","title":{"rendered":"DERNIERE SEMAINE DE PFMP A PRAGUE POUR NOS ELEVES H\u00d4TELIERS"},"content":{"rendered":"\t\t<div data-elementor-type=\"wp-post\" data-elementor-id=\"3817\" class=\"elementor elementor-3817\" data-elementor-post-type=\"post\">\n\t\t\t\t<div class=\"elementor-element elementor-element-03390d6 e-flex e-con-boxed e-con e-parent\" data-id=\"03390d6\" data-element_type=\"container\" data-e-type=\"container\">\n\t\t\t\t\t<div class=\"e-con-inner\">\n\t\t\t\t<div class=\"elementor-element elementor-element-3877373 elementor-widget elementor-widget-text-editor\" data-id=\"3877373\" data-element_type=\"widget\" data-e-type=\"widget\" data-widget_type=\"text-editor.default\">\n\t\t\t\t<div class=\"elementor-widget-container\">\n\t\t\t\t\t\t\t\t\t<p>Derni\u00e8re semaine de PFMP \u00e0 Prague pour nos deux ambassadrices Bourring Tiffany et Ranson Clara de TMHR1. En effet depuis le 25 mars l\u2019une s\u2019active dans les cuisines et l\u2019autre en salle au Novotel Wenceslas Square du groupe ACCOR. D\u00e8s qu\u2019elles en ont l\u2019occasion, elles visitent et d\u00e9couvrent la belle capitale de la R\u00e9publique tch\u00e8que. Une mobilit\u00e9 europ\u00e9enne enrichissante qui leur donne de belles perspectives professionnelles.<\/p>\t\t\t\t\t\t\t\t<\/div>\n\t\t\t\t<\/div>\n\t\t\t\t\t<\/div>\n\t\t\t\t<\/div>\n\t\t<div class=\"elementor-element elementor-element-852f4bf e-flex e-con-boxed e-con e-parent\" data-id=\"852f4bf\" data-element_type=\"container\" data-e-type=\"container\">\n\t\t\t\t\t<div class=\"e-con-inner\">\n\t\t\t\t<div class=\"elementor-element elementor-element-b11f09f elementor-widget elementor-widget-gallery\" data-id=\"b11f09f\" data-element_type=\"widget\" data-e-type=\"widget\" data-settings=\"{&quot;lazyload&quot;:&quot;yes&quot;,&quot;gallery_layout&quot;:&quot;grid&quot;,&quot;columns&quot;:4,&quot;columns_tablet&quot;:2,&quot;columns_mobile&quot;:1,&quot;gap&quot;:{&quot;unit&quot;:&quot;px&quot;,&quot;size&quot;:10,&quot;sizes&quot;:[]},&quot;gap_tablet&quot;:{&quot;unit&quot;:&quot;px&quot;,&quot;size&quot;:10,&quot;sizes&quot;:[]},&quot;gap_mobile&quot;:{&quot;unit&quot;:&quot;px&quot;,&quot;size&quot;:10,&quot;sizes&quot;:[]},&quot;link_to&quot;:&quot;file&quot;,&quot;aspect_ratio&quot;:&quot;3:2&quot;,&quot;overlay_background&quot;:&quot;yes&quot;,&quot;content_hover_animation&quot;:&quot;fade-in&quot;}\" data-widget_type=\"gallery.default\">\n\t\t\t\t<div class=\"elementor-widget-container\">\n\t\t\t\t\t\t\t<div class=\"elementor-gallery__container\">\n\t\t\t\t\t\t\t<a class=\"e-gallery-item elementor-gallery-item elementor-animated-content\" href=\"https:\/\/lyceeprofessionnelsimonlazard.fr\/wp-content\/uploads\/2024\/05\/Prague7.jpg\" data-elementor-open-lightbox=\"yes\" data-elementor-lightbox-slideshow=\"b11f09f\" data-elementor-lightbox-title=\"Prague7\" data-e-action-hash=\"#elementor-action%3Aaction%3Dlightbox%26settings%3DeyJpZCI6MzgyMCwidXJsIjoiaHR0cHM6XC9cL2x5Y2VlcHJvZmVzc2lvbm5lbHNpbW9ubGF6YXJkLmZyXC93cC1jb250ZW50XC91cGxvYWRzXC8yMDI0XC8wNVwvUHJhZ3VlNy5qcGciLCJzbGlkZXNob3ciOiJiMTFmMDlmIn0%3D\">\n\t\t\t\t\t<div class=\"e-gallery-image elementor-gallery-item__image\" data-thumbnail=\"https:\/\/lyceeprofessionnelsimonlazard.fr\/wp-content\/uploads\/2024\/05\/Prague7-224x300.jpg\" data-width=\"224\" data-height=\"300\" aria-label=\"\" role=\"img\" ><\/div>\n\t\t\t\t\t\t\t\t\t\t\t<div class=\"elementor-gallery-item__overlay\"><\/div>\n\t\t\t\t\t\t\t\t\t\t\t\t\t\t<\/a>\n\t\t\t\t\t\t\t<a class=\"e-gallery-item elementor-gallery-item elementor-animated-content\" href=\"https:\/\/lyceeprofessionnelsimonlazard.fr\/wp-content\/uploads\/2024\/05\/Prague6.jpg\" data-elementor-open-lightbox=\"yes\" data-elementor-lightbox-slideshow=\"b11f09f\" data-elementor-lightbox-title=\"Prague6\" data-e-action-hash=\"#elementor-action%3Aaction%3Dlightbox%26settings%3DeyJpZCI6MzgyMSwidXJsIjoiaHR0cHM6XC9cL2x5Y2VlcHJvZmVzc2lvbm5lbHNpbW9ubGF6YXJkLmZyXC93cC1jb250ZW50XC91cGxvYWRzXC8yMDI0XC8wNVwvUHJhZ3VlNi5qcGciLCJzbGlkZXNob3ciOiJiMTFmMDlmIn0%3D\">\n\t\t\t\t\t<div class=\"e-gallery-image elementor-gallery-item__image\" data-thumbnail=\"https:\/\/lyceeprofessionnelsimonlazard.fr\/wp-content\/uploads\/2024\/05\/Prague6-222x300.jpg\" data-width=\"222\" data-height=\"300\" aria-label=\"\" role=\"img\" ><\/div>\n\t\t\t\t\t\t\t\t\t\t\t<div class=\"elementor-gallery-item__overlay\"><\/div>\n\t\t\t\t\t\t\t\t\t\t\t\t\t\t<\/a>\n\t\t\t\t\t\t\t<a class=\"e-gallery-item elementor-gallery-item elementor-animated-content\" href=\"https:\/\/lyceeprofessionnelsimonlazard.fr\/wp-content\/uploads\/2024\/05\/Prague-5.jpg\" data-elementor-open-lightbox=\"yes\" data-elementor-lightbox-slideshow=\"b11f09f\" data-elementor-lightbox-title=\"Prague 5\" data-e-action-hash=\"#elementor-action%3Aaction%3Dlightbox%26settings%3DeyJpZCI6MzgyMiwidXJsIjoiaHR0cHM6XC9cL2x5Y2VlcHJvZmVzc2lvbm5lbHNpbW9ubGF6YXJkLmZyXC93cC1jb250ZW50XC91cGxvYWRzXC8yMDI0XC8wNVwvUHJhZ3VlLTUuanBnIiwic2xpZGVzaG93IjoiYjExZjA5ZiJ9\">\n\t\t\t\t\t<div class=\"e-gallery-image elementor-gallery-item__image\" data-thumbnail=\"https:\/\/lyceeprofessionnelsimonlazard.fr\/wp-content\/uploads\/2024\/05\/Prague-5-224x300.jpg\" data-width=\"224\" data-height=\"300\" aria-label=\"\" role=\"img\" ><\/div>\n\t\t\t\t\t\t\t\t\t\t\t<div class=\"elementor-gallery-item__overlay\"><\/div>\n\t\t\t\t\t\t\t\t\t\t\t\t\t\t<\/a>\n\t\t\t\t\t\t\t<a class=\"e-gallery-item elementor-gallery-item elementor-animated-content\" href=\"https:\/\/lyceeprofessionnelsimonlazard.fr\/wp-content\/uploads\/2024\/05\/Prague4.png\" data-elementor-open-lightbox=\"yes\" data-elementor-lightbox-slideshow=\"b11f09f\" data-elementor-lightbox-title=\"Prague4\" data-e-action-hash=\"#elementor-action%3Aaction%3Dlightbox%26settings%3DeyJpZCI6MzgyMywidXJsIjoiaHR0cHM6XC9cL2x5Y2VlcHJvZmVzc2lvbm5lbHNpbW9ubGF6YXJkLmZyXC93cC1jb250ZW50XC91cGxvYWRzXC8yMDI0XC8wNVwvUHJhZ3VlNC5wbmciLCJzbGlkZXNob3ciOiJiMTFmMDlmIn0%3D\">\n\t\t\t\t\t<div class=\"e-gallery-image elementor-gallery-item__image\" data-thumbnail=\"https:\/\/lyceeprofessionnelsimonlazard.fr\/wp-content\/uploads\/2024\/05\/Prague4-224x300.png\" data-width=\"224\" data-height=\"300\" aria-label=\"\" role=\"img\" ><\/div>\n\t\t\t\t\t\t\t\t\t\t\t<div class=\"elementor-gallery-item__overlay\"><\/div>\n\t\t\t\t\t\t\t\t\t\t\t\t\t\t<\/a>\n\t\t\t\t\t\t\t<a class=\"e-gallery-item elementor-gallery-item elementor-animated-content\" href=\"https:\/\/lyceeprofessionnelsimonlazard.fr\/wp-content\/uploads\/2024\/05\/Prague3.jpg\" data-elementor-open-lightbox=\"yes\" data-elementor-lightbox-slideshow=\"b11f09f\" data-elementor-lightbox-title=\"Prague3\" data-e-action-hash=\"#elementor-action%3Aaction%3Dlightbox%26settings%3DeyJpZCI6MzgyNCwidXJsIjoiaHR0cHM6XC9cL2x5Y2VlcHJvZmVzc2lvbm5lbHNpbW9ubGF6YXJkLmZyXC93cC1jb250ZW50XC91cGxvYWRzXC8yMDI0XC8wNVwvUHJhZ3VlMy5qcGciLCJzbGlkZXNob3ciOiJiMTFmMDlmIn0%3D\">\n\t\t\t\t\t<div class=\"e-gallery-image elementor-gallery-item__image\" data-thumbnail=\"https:\/\/lyceeprofessionnelsimonlazard.fr\/wp-content\/uploads\/2024\/05\/Prague3-223x300.jpg\" data-width=\"223\" data-height=\"300\" aria-label=\"\" role=\"img\" ><\/div>\n\t\t\t\t\t\t\t\t\t\t\t<div class=\"elementor-gallery-item__overlay\"><\/div>\n\t\t\t\t\t\t\t\t\t\t\t\t\t\t<\/a>\n\t\t\t\t\t\t\t<a class=\"e-gallery-item elementor-gallery-item elementor-animated-content\" href=\"https:\/\/lyceeprofessionnelsimonlazard.fr\/wp-content\/uploads\/2024\/05\/Prague2.jpg\" data-elementor-open-lightbox=\"yes\" data-elementor-lightbox-slideshow=\"b11f09f\" data-elementor-lightbox-title=\"Prague2\" data-e-action-hash=\"#elementor-action%3Aaction%3Dlightbox%26settings%3DeyJpZCI6MzgyNSwidXJsIjoiaHR0cHM6XC9cL2x5Y2VlcHJvZmVzc2lvbm5lbHNpbW9ubGF6YXJkLmZyXC93cC1jb250ZW50XC91cGxvYWRzXC8yMDI0XC8wNVwvUHJhZ3VlMi5qcGciLCJzbGlkZXNob3ciOiJiMTFmMDlmIn0%3D\">\n\t\t\t\t\t<div class=\"e-gallery-image elementor-gallery-item__image\" data-thumbnail=\"https:\/\/lyceeprofessionnelsimonlazard.fr\/wp-content\/uploads\/2024\/05\/Prague2-223x300.jpg\" data-width=\"223\" data-height=\"300\" aria-label=\"\" role=\"img\" ><\/div>\n\t\t\t\t\t\t\t\t\t\t\t<div class=\"elementor-gallery-item__overlay\"><\/div>\n\t\t\t\t\t\t\t\t\t\t\t\t\t\t<\/a>\n\t\t\t\t\t<\/div>\n\t\t\t\t\t<\/div>\n\t\t\t\t<\/div>\n\t\t\t\t\t<\/div>\n\t\t\t\t<\/div>\n\t\t<div class=\"elementor-element elementor-element-8979c97 e-flex e-con-boxed e-con e-parent\" data-id=\"8979c97\" data-element_type=\"container\" data-e-type=\"container\">\n\t\t\t\t\t<div class=\"e-con-inner\">\n\t\t\t\t\t<\/div>\n\t\t\t\t<\/div>\n\t\t\t\t<\/div>\n\t\t","protected":false},"excerpt":{"rendered":"<p>Derni\u00e8re semaine de PFMP \u00e0 Prague pour nos deux ambassadrices Bourring Tiffany et Ranson Clara de TMHR1. En effet depuis le 25 mars l\u2019une s\u2019active dans les cuisines et l\u2019autre en salle au Novotel Wenceslas Square du groupe ACCOR. D\u00e8s qu\u2019elles en ont l\u2019occasion, elles visitent et d\u00e9couvrent la belle capitale de la R\u00e9publique tch\u00e8que. [&hellip;]<\/p>\n","protected":false},"author":1,"featured_media":3818,"comment_status":"open","ping_status":"open","sticky":false,"template":"","format":"standard","meta":{"footnotes":""},"categories":[1],"tags":[],"class_list":["post-3817","post","type-post","status-publish","format-standard","has-post-thumbnail","hentry","category-non-classe"],"yoast_head":"<!-- This site is optimized with the Yoast SEO plugin v27.2 - https:\/\/yoast.com\/product\/yoast-seo-wordpress\/ -->\n<title>DERNIERE SEMAINE DE PFMP A PRAGUE POUR NOS ELEVES H\u00d4TELIERS - LYCEE SIMON LAZARD<\/title>\n<meta name=\"robots\" content=\"index, follow, max-snippet:-1, max-image-preview:large, max-video-preview:-1\" \/>\n<link rel=\"canonical\" href=\"https:\/\/lyceeprofessionnelsimonlazard.fr\/index.php\/2024\/05\/05\/derniere-semaine-de-pfmp-a-prague-pour-nos-eleves-hoteliers\/\" \/>\n<meta property=\"og:locale\" content=\"fr_FR\" \/>\n<meta property=\"og:type\" content=\"article\" \/>\n<meta property=\"og:title\" content=\"DERNIERE SEMAINE DE PFMP A PRAGUE POUR NOS ELEVES H\u00d4TELIERS - LYCEE SIMON LAZARD\" \/>\n<meta property=\"og:description\" content=\"Derni\u00e8re semaine de PFMP \u00e0 Prague pour nos deux ambassadrices Bourring Tiffany et Ranson Clara de TMHR1. En effet depuis le 25 mars l\u2019une s\u2019active dans les cuisines et l\u2019autre en salle au Novotel Wenceslas Square du groupe ACCOR. D\u00e8s qu\u2019elles en ont l\u2019occasion, elles visitent et d\u00e9couvrent la belle capitale de la R\u00e9publique tch\u00e8que. [&hellip;]\" \/>\n<meta property=\"og:url\" content=\"https:\/\/lyceeprofessionnelsimonlazard.fr\/index.php\/2024\/05\/05\/derniere-semaine-de-pfmp-a-prague-pour-nos-eleves-hoteliers\/\" \/>\n<meta property=\"og:site_name\" content=\"LYCEE SIMON LAZARD\" \/>\n<meta property=\"article:publisher\" content=\"https:\/\/www.facebook.com\/profile.php?id=61551412921207\" \/>\n<meta property=\"article:published_time\" content=\"2024-05-05T19:49:59+00:00\" \/>\n<meta property=\"article:modified_time\" content=\"2024-05-05T19:52:35+00:00\" \/>\n<meta property=\"og:image\" content=\"http:\/\/lyceeprofessionnelsimonlazard.fr\/wp-content\/uploads\/2024\/05\/Prague1.jpg\" \/>\n\t<meta property=\"og:image:width\" content=\"697\" \/>\n\t<meta property=\"og:image:height\" content=\"938\" \/>\n\t<meta property=\"og:image:type\" content=\"image\/jpeg\" \/>\n<meta name=\"author\" content=\"admin7977\" \/>\n<meta name=\"twitter:card\" content=\"summary_large_image\" \/>\n<meta name=\"twitter:label1\" content=\"\u00c9crit par\" \/>\n\t<meta name=\"twitter:data1\" content=\"admin7977\" \/>\n\t<meta name=\"twitter:label2\" content=\"Dur\u00e9e de lecture estim\u00e9e\" \/>\n\t<meta name=\"twitter:data2\" content=\"1 minute\" \/>\n<script type=\"application\/ld+json\" class=\"yoast-schema-graph\">{\"@context\":\"https:\/\/schema.org\",\"@graph\":[{\"@type\":\"Article\",\"@id\":\"https:\/\/lyceeprofessionnelsimonlazard.fr\/index.php\/2024\/05\/05\/derniere-semaine-de-pfmp-a-prague-pour-nos-eleves-hoteliers\/#article\",\"isPartOf\":{\"@id\":\"https:\/\/lyceeprofessionnelsimonlazard.fr\/index.php\/2024\/05\/05\/derniere-semaine-de-pfmp-a-prague-pour-nos-eleves-hoteliers\/\"},\"author\":{\"name\":\"admin7977\",\"@id\":\"https:\/\/lyceeprofessionnelsimonlazard.fr\/#\/schema\/person\/1e2e7f9d09d5923bfe311374d167bafb\"},\"headline\":\"DERNIERE SEMAINE DE PFMP A PRAGUE POUR NOS ELEVES H\u00d4TELIERS\",\"datePublished\":\"2024-05-05T19:49:59+00:00\",\"dateModified\":\"2024-05-05T19:52:35+00:00\",\"mainEntityOfPage\":{\"@id\":\"https:\/\/lyceeprofessionnelsimonlazard.fr\/index.php\/2024\/05\/05\/derniere-semaine-de-pfmp-a-prague-pour-nos-eleves-hoteliers\/\"},\"wordCount\":86,\"commentCount\":0,\"publisher\":{\"@id\":\"https:\/\/lyceeprofessionnelsimonlazard.fr\/#organization\"},\"image\":{\"@id\":\"https:\/\/lyceeprofessionnelsimonlazard.fr\/index.php\/2024\/05\/05\/derniere-semaine-de-pfmp-a-prague-pour-nos-eleves-hoteliers\/#primaryimage\"},\"thumbnailUrl\":\"https:\/\/lyceeprofessionnelsimonlazard.fr\/wp-content\/uploads\/2024\/05\/Prague1.jpg\",\"inLanguage\":\"fr-FR\",\"potentialAction\":[{\"@type\":\"CommentAction\",\"name\":\"Comment\",\"target\":[\"https:\/\/lyceeprofessionnelsimonlazard.fr\/index.php\/2024\/05\/05\/derniere-semaine-de-pfmp-a-prague-pour-nos-eleves-hoteliers\/#respond\"]}]},{\"@type\":\"WebPage\",\"@id\":\"https:\/\/lyceeprofessionnelsimonlazard.fr\/index.php\/2024\/05\/05\/derniere-semaine-de-pfmp-a-prague-pour-nos-eleves-hoteliers\/\",\"url\":\"https:\/\/lyceeprofessionnelsimonlazard.fr\/index.php\/2024\/05\/05\/derniere-semaine-de-pfmp-a-prague-pour-nos-eleves-hoteliers\/\",\"name\":\"DERNIERE SEMAINE DE PFMP A PRAGUE POUR NOS ELEVES H\u00d4TELIERS - LYCEE SIMON LAZARD\",\"isPartOf\":{\"@id\":\"https:\/\/lyceeprofessionnelsimonlazard.fr\/#website\"},\"primaryImageOfPage\":{\"@id\":\"https:\/\/lyceeprofessionnelsimonlazard.fr\/index.php\/2024\/05\/05\/derniere-semaine-de-pfmp-a-prague-pour-nos-eleves-hoteliers\/#primaryimage\"},\"image\":{\"@id\":\"https:\/\/lyceeprofessionnelsimonlazard.fr\/index.php\/2024\/05\/05\/derniere-semaine-de-pfmp-a-prague-pour-nos-eleves-hoteliers\/#primaryimage\"},\"thumbnailUrl\":\"https:\/\/lyceeprofessionnelsimonlazard.fr\/wp-content\/uploads\/2024\/05\/Prague1.jpg\",\"datePublished\":\"2024-05-05T19:49:59+00:00\",\"dateModified\":\"2024-05-05T19:52:35+00:00\",\"breadcrumb\":{\"@id\":\"https:\/\/lyceeprofessionnelsimonlazard.fr\/index.php\/2024\/05\/05\/derniere-semaine-de-pfmp-a-prague-pour-nos-eleves-hoteliers\/#breadcrumb\"},\"inLanguage\":\"fr-FR\",\"potentialAction\":[{\"@type\":\"ReadAction\",\"target\":[\"https:\/\/lyceeprofessionnelsimonlazard.fr\/index.php\/2024\/05\/05\/derniere-semaine-de-pfmp-a-prague-pour-nos-eleves-hoteliers\/\"]}]},{\"@type\":\"ImageObject\",\"inLanguage\":\"fr-FR\",\"@id\":\"https:\/\/lyceeprofessionnelsimonlazard.fr\/index.php\/2024\/05\/05\/derniere-semaine-de-pfmp-a-prague-pour-nos-eleves-hoteliers\/#primaryimage\",\"url\":\"https:\/\/lyceeprofessionnelsimonlazard.fr\/wp-content\/uploads\/2024\/05\/Prague1.jpg\",\"contentUrl\":\"https:\/\/lyceeprofessionnelsimonlazard.fr\/wp-content\/uploads\/2024\/05\/Prague1.jpg\",\"width\":697,\"height\":938},{\"@type\":\"BreadcrumbList\",\"@id\":\"https:\/\/lyceeprofessionnelsimonlazard.fr\/index.php\/2024\/05\/05\/derniere-semaine-de-pfmp-a-prague-pour-nos-eleves-hoteliers\/#breadcrumb\",\"itemListElement\":[{\"@type\":\"ListItem\",\"position\":1,\"name\":\"Accueil\",\"item\":\"https:\/\/lyceeprofessionnelsimonlazard.fr\/\"},{\"@type\":\"ListItem\",\"position\":2,\"name\":\"DERNIERE SEMAINE DE PFMP A PRAGUE POUR NOS ELEVES H\u00d4TELIERS\"}]},{\"@type\":\"WebSite\",\"@id\":\"https:\/\/lyceeprofessionnelsimonlazard.fr\/#website\",\"url\":\"https:\/\/lyceeprofessionnelsimonlazard.fr\/\",\"name\":\"LYCEE SIMON LAZARD\",\"description\":\"De la r\u00e9ussite scolaire \u00e0 la r\u00e9ussite professionnelle\",\"publisher\":{\"@id\":\"https:\/\/lyceeprofessionnelsimonlazard.fr\/#organization\"},\"alternateName\":\"SIMON LAZARD\",\"potentialAction\":[{\"@type\":\"SearchAction\",\"target\":{\"@type\":\"EntryPoint\",\"urlTemplate\":\"https:\/\/lyceeprofessionnelsimonlazard.fr\/?s={search_term_string}\"},\"query-input\":{\"@type\":\"PropertyValueSpecification\",\"valueRequired\":true,\"valueName\":\"search_term_string\"}}],\"inLanguage\":\"fr-FR\"},{\"@type\":\"Organization\",\"@id\":\"https:\/\/lyceeprofessionnelsimonlazard.fr\/#organization\",\"name\":\"LYCEE SIMON LAZARD\",\"url\":\"https:\/\/lyceeprofessionnelsimonlazard.fr\/\",\"logo\":{\"@type\":\"ImageObject\",\"inLanguage\":\"fr-FR\",\"@id\":\"https:\/\/lyceeprofessionnelsimonlazard.fr\/#\/schema\/logo\/image\/\",\"url\":\"https:\/\/lyceeprofessionnelsimonlazard.fr\/wp-content\/uploads\/2023\/12\/logo-lazard.jpg\",\"contentUrl\":\"https:\/\/lyceeprofessionnelsimonlazard.fr\/wp-content\/uploads\/2023\/12\/logo-lazard.jpg\",\"width\":1304,\"height\":951,\"caption\":\"LYCEE SIMON LAZARD\"},\"image\":{\"@id\":\"https:\/\/lyceeprofessionnelsimonlazard.fr\/#\/schema\/logo\/image\/\"},\"sameAs\":[\"https:\/\/www.facebook.com\/profile.php?id=61551412921207\",\"https:\/\/www.instagram.com\/lpsimonlazard\/\"]},{\"@type\":\"Person\",\"@id\":\"https:\/\/lyceeprofessionnelsimonlazard.fr\/#\/schema\/person\/1e2e7f9d09d5923bfe311374d167bafb\",\"name\":\"admin7977\",\"image\":{\"@type\":\"ImageObject\",\"inLanguage\":\"fr-FR\",\"@id\":\"https:\/\/secure.gravatar.com\/avatar\/7e20e261063ae03cc5ad0239e1f20959301d2a94cd6d3f927f67a0aa4345c179?s=96&d=mm&r=g\",\"url\":\"https:\/\/secure.gravatar.com\/avatar\/7e20e261063ae03cc5ad0239e1f20959301d2a94cd6d3f927f67a0aa4345c179?s=96&d=mm&r=g\",\"contentUrl\":\"https:\/\/secure.gravatar.com\/avatar\/7e20e261063ae03cc5ad0239e1f20959301d2a94cd6d3f927f67a0aa4345c179?s=96&d=mm&r=g\",\"caption\":\"admin7977\"},\"sameAs\":[\"http:\/\/lyceeprofessionnelsimonlazard.fr\"],\"url\":\"https:\/\/lyceeprofessionnelsimonlazard.fr\/index.php\/author\/admin7977\/\"}]}<\/script>\n<!-- \/ Yoast SEO plugin. -->","yoast_head_json":{"title":"DERNIERE SEMAINE DE PFMP A PRAGUE POUR NOS ELEVES H\u00d4TELIERS - LYCEE SIMON LAZARD","robots":{"index":"index","follow":"follow","max-snippet":"max-snippet:-1","max-image-preview":"max-image-preview:large","max-video-preview":"max-video-preview:-1"},"canonical":"https:\/\/lyceeprofessionnelsimonlazard.fr\/index.php\/2024\/05\/05\/derniere-semaine-de-pfmp-a-prague-pour-nos-eleves-hoteliers\/","og_locale":"fr_FR","og_type":"article","og_title":"DERNIERE SEMAINE DE PFMP A PRAGUE POUR NOS ELEVES H\u00d4TELIERS - LYCEE SIMON LAZARD","og_description":"Derni\u00e8re semaine de PFMP \u00e0 Prague pour nos deux ambassadrices Bourring Tiffany et Ranson Clara de TMHR1. En effet depuis le 25 mars l\u2019une s\u2019active dans les cuisines et l\u2019autre en salle au Novotel Wenceslas Square du groupe ACCOR. D\u00e8s qu\u2019elles en ont l\u2019occasion, elles visitent et d\u00e9couvrent la belle capitale de la R\u00e9publique tch\u00e8que. [&hellip;]","og_url":"https:\/\/lyceeprofessionnelsimonlazard.fr\/index.php\/2024\/05\/05\/derniere-semaine-de-pfmp-a-prague-pour-nos-eleves-hoteliers\/","og_site_name":"LYCEE SIMON LAZARD","article_publisher":"https:\/\/www.facebook.com\/profile.php?id=61551412921207","article_published_time":"2024-05-05T19:49:59+00:00","article_modified_time":"2024-05-05T19:52:35+00:00","og_image":[{"width":697,"height":938,"url":"http:\/\/lyceeprofessionnelsimonlazard.fr\/wp-content\/uploads\/2024\/05\/Prague1.jpg","type":"image\/jpeg"}],"author":"admin7977","twitter_card":"summary_large_image","twitter_misc":{"\u00c9crit par":"admin7977","Dur\u00e9e de lecture estim\u00e9e":"1 minute"},"schema":{"@context":"https:\/\/schema.org","@graph":[{"@type":"Article","@id":"https:\/\/lyceeprofessionnelsimonlazard.fr\/index.php\/2024\/05\/05\/derniere-semaine-de-pfmp-a-prague-pour-nos-eleves-hoteliers\/#article","isPartOf":{"@id":"https:\/\/lyceeprofessionnelsimonlazard.fr\/index.php\/2024\/05\/05\/derniere-semaine-de-pfmp-a-prague-pour-nos-eleves-hoteliers\/"},"author":{"name":"admin7977","@id":"https:\/\/lyceeprofessionnelsimonlazard.fr\/#\/schema\/person\/1e2e7f9d09d5923bfe311374d167bafb"},"headline":"DERNIERE SEMAINE DE PFMP A PRAGUE POUR NOS ELEVES H\u00d4TELIERS","datePublished":"2024-05-05T19:49:59+00:00","dateModified":"2024-05-05T19:52:35+00:00","mainEntityOfPage":{"@id":"https:\/\/lyceeprofessionnelsimonlazard.fr\/index.php\/2024\/05\/05\/derniere-semaine-de-pfmp-a-prague-pour-nos-eleves-hoteliers\/"},"wordCount":86,"commentCount":0,"publisher":{"@id":"https:\/\/lyceeprofessionnelsimonlazard.fr\/#organization"},"image":{"@id":"https:\/\/lyceeprofessionnelsimonlazard.fr\/index.php\/2024\/05\/05\/derniere-semaine-de-pfmp-a-prague-pour-nos-eleves-hoteliers\/#primaryimage"},"thumbnailUrl":"https:\/\/lyceeprofessionnelsimonlazard.fr\/wp-content\/uploads\/2024\/05\/Prague1.jpg","inLanguage":"fr-FR","potentialAction":[{"@type":"CommentAction","name":"Comment","target":["https:\/\/lyceeprofessionnelsimonlazard.fr\/index.php\/2024\/05\/05\/derniere-semaine-de-pfmp-a-prague-pour-nos-eleves-hoteliers\/#respond"]}]},{"@type":"WebPage","@id":"https:\/\/lyceeprofessionnelsimonlazard.fr\/index.php\/2024\/05\/05\/derniere-semaine-de-pfmp-a-prague-pour-nos-eleves-hoteliers\/","url":"https:\/\/lyceeprofessionnelsimonlazard.fr\/index.php\/2024\/05\/05\/derniere-semaine-de-pfmp-a-prague-pour-nos-eleves-hoteliers\/","name":"DERNIERE SEMAINE DE PFMP A PRAGUE POUR NOS ELEVES H\u00d4TELIERS - LYCEE SIMON LAZARD","isPartOf":{"@id":"https:\/\/lyceeprofessionnelsimonlazard.fr\/#website"},"primaryImageOfPage":{"@id":"https:\/\/lyceeprofessionnelsimonlazard.fr\/index.php\/2024\/05\/05\/derniere-semaine-de-pfmp-a-prague-pour-nos-eleves-hoteliers\/#primaryimage"},"image":{"@id":"https:\/\/lyceeprofessionnelsimonlazard.fr\/index.php\/2024\/05\/05\/derniere-semaine-de-pfmp-a-prague-pour-nos-eleves-hoteliers\/#primaryimage"},"thumbnailUrl":"https:\/\/lyceeprofessionnelsimonlazard.fr\/wp-content\/uploads\/2024\/05\/Prague1.jpg","datePublished":"2024-05-05T19:49:59+00:00","dateModified":"2024-05-05T19:52:35+00:00","breadcrumb":{"@id":"https:\/\/lyceeprofessionnelsimonlazard.fr\/index.php\/2024\/05\/05\/derniere-semaine-de-pfmp-a-prague-pour-nos-eleves-hoteliers\/#breadcrumb"},"inLanguage":"fr-FR","potentialAction":[{"@type":"ReadAction","target":["https:\/\/lyceeprofessionnelsimonlazard.fr\/index.php\/2024\/05\/05\/derniere-semaine-de-pfmp-a-prague-pour-nos-eleves-hoteliers\/"]}]},{"@type":"ImageObject","inLanguage":"fr-FR","@id":"https:\/\/lyceeprofessionnelsimonlazard.fr\/index.php\/2024\/05\/05\/derniere-semaine-de-pfmp-a-prague-pour-nos-eleves-hoteliers\/#primaryimage","url":"https:\/\/lyceeprofessionnelsimonlazard.fr\/wp-content\/uploads\/2024\/05\/Prague1.jpg","contentUrl":"https:\/\/lyceeprofessionnelsimonlazard.fr\/wp-content\/uploads\/2024\/05\/Prague1.jpg","width":697,"height":938},{"@type":"BreadcrumbList","@id":"https:\/\/lyceeprofessionnelsimonlazard.fr\/index.php\/2024\/05\/05\/derniere-semaine-de-pfmp-a-prague-pour-nos-eleves-hoteliers\/#breadcrumb","itemListElement":[{"@type":"ListItem","position":1,"name":"Accueil","item":"https:\/\/lyceeprofessionnelsimonlazard.fr\/"},{"@type":"ListItem","position":2,"name":"DERNIERE SEMAINE DE PFMP A PRAGUE POUR NOS ELEVES H\u00d4TELIERS"}]},{"@type":"WebSite","@id":"https:\/\/lyceeprofessionnelsimonlazard.fr\/#website","url":"https:\/\/lyceeprofessionnelsimonlazard.fr\/","name":"LYCEE SIMON LAZARD","description":"De la r\u00e9ussite scolaire \u00e0 la r\u00e9ussite professionnelle","publisher":{"@id":"https:\/\/lyceeprofessionnelsimonlazard.fr\/#organization"},"alternateName":"SIMON LAZARD","potentialAction":[{"@type":"SearchAction","target":{"@type":"EntryPoint","urlTemplate":"https:\/\/lyceeprofessionnelsimonlazard.fr\/?s={search_term_string}"},"query-input":{"@type":"PropertyValueSpecification","valueRequired":true,"valueName":"search_term_string"}}],"inLanguage":"fr-FR"},{"@type":"Organization","@id":"https:\/\/lyceeprofessionnelsimonlazard.fr\/#organization","name":"LYCEE SIMON LAZARD","url":"https:\/\/lyceeprofessionnelsimonlazard.fr\/","logo":{"@type":"ImageObject","inLanguage":"fr-FR","@id":"https:\/\/lyceeprofessionnelsimonlazard.fr\/#\/schema\/logo\/image\/","url":"https:\/\/lyceeprofessionnelsimonlazard.fr\/wp-content\/uploads\/2023\/12\/logo-lazard.jpg","contentUrl":"https:\/\/lyceeprofessionnelsimonlazard.fr\/wp-content\/uploads\/2023\/12\/logo-lazard.jpg","width":1304,"height":951,"caption":"LYCEE SIMON LAZARD"},"image":{"@id":"https:\/\/lyceeprofessionnelsimonlazard.fr\/#\/schema\/logo\/image\/"},"sameAs":["https:\/\/www.facebook.com\/profile.php?id=61551412921207","https:\/\/www.instagram.com\/lpsimonlazard\/"]},{"@type":"Person","@id":"https:\/\/lyceeprofessionnelsimonlazard.fr\/#\/schema\/person\/1e2e7f9d09d5923bfe311374d167bafb","name":"admin7977","image":{"@type":"ImageObject","inLanguage":"fr-FR","@id":"https:\/\/secure.gravatar.com\/avatar\/7e20e261063ae03cc5ad0239e1f20959301d2a94cd6d3f927f67a0aa4345c179?s=96&d=mm&r=g","url":"https:\/\/secure.gravatar.com\/avatar\/7e20e261063ae03cc5ad0239e1f20959301d2a94cd6d3f927f67a0aa4345c179?s=96&d=mm&r=g","contentUrl":"https:\/\/secure.gravatar.com\/avatar\/7e20e261063ae03cc5ad0239e1f20959301d2a94cd6d3f927f67a0aa4345c179?s=96&d=mm&r=g","caption":"admin7977"},"sameAs":["http:\/\/lyceeprofessionnelsimonlazard.fr"],"url":"https:\/\/lyceeprofessionnelsimonlazard.fr\/index.php\/author\/admin7977\/"}]}},"_links":{"self":[{"href":"https:\/\/lyceeprofessionnelsimonlazard.fr\/index.php\/wp-json\/wp\/v2\/posts\/3817","targetHints":{"allow":["GET"]}}],"collection":[{"href":"https:\/\/lyceeprofessionnelsimonlazard.fr\/index.php\/wp-json\/wp\/v2\/posts"}],"about":[{"href":"https:\/\/lyceeprofessionnelsimonlazard.fr\/index.php\/wp-json\/wp\/v2\/types\/post"}],"author":[{"embeddable":true,"href":"https:\/\/lyceeprofessionnelsimonlazard.fr\/index.php\/wp-json\/wp\/v2\/users\/1"}],"replies":[{"embeddable":true,"href":"https:\/\/lyceeprofessionnelsimonlazard.fr\/index.php\/wp-json\/wp\/v2\/comments?post=3817"}],"version-history":[{"count":4,"href":"https:\/\/lyceeprofessionnelsimonlazard.fr\/index.php\/wp-json\/wp\/v2\/posts\/3817\/revisions"}],"predecessor-version":[{"id":3828,"href":"https:\/\/lyceeprofessionnelsimonlazard.fr\/index.php\/wp-json\/wp\/v2\/posts\/3817\/revisions\/3828"}],"wp:featuredmedia":[{"embeddable":true,"href":"https:\/\/lyceeprofessionnelsimonlazard.fr\/index.php\/wp-json\/wp\/v2\/media\/3818"}],"wp:attachment":[{"href":"https:\/\/lyceeprofessionnelsimonlazard.fr\/index.php\/wp-json\/wp\/v2\/media?parent=3817"}],"wp:term":[{"taxonomy":"category","embeddable":true,"href":"https:\/\/lyceeprofessionnelsimonlazard.fr\/index.php\/wp-json\/wp\/v2\/categories?post=3817"},{"taxonomy":"post_tag","embeddable":true,"href":"https:\/\/lyceeprofessionnelsimonlazard.fr\/index.php\/wp-json\/wp\/v2\/tags?post=3817"}],"curies":[{"name":"wp","href":"https:\/\/api.w.org\/{rel}","templated":true}]}}